{"id":3853,"date":"2023-01-31T12:33:12","date_gmt":"2023-01-31T11:33:12","guid":{"rendered":"https:\/\/museimtest.p1.zrh01.swissbix.com\/?p=3853"},"modified":"2023-06-08T20:40:40","modified_gmt":"2023-06-08T18:40:40","slug":"cesare-lucchini","status":"publish","type":"post","link":"https:\/\/museimtest.p1.zrh01.swissbix.com\/?p=3853","title":{"rendered":"CESARE LUCCHINI. La terra trema."},"content":{"rendered":"<p>Il Museo d\u2019arte Mendrisio inaugura la stagione espositiva 2023 con una grande antologica dedicata al pittore ticinese <strong>Cesare Lucchini<\/strong> (1941). Nato a Bellinzona e tra gli artisti pi\u00f9 importanti della sua generazione, Lucchini conclude la formazione nel 1965 all\u2019Accademia di Belle arti di Brera a Milano, dove vive e lavora per i successivi vent\u2019anni. Alla fine degli anni Ottanta, desideroso di entrare in contatto con la scena artistica e culturale tedesca, si trasferisce in Germania dove tiene a lungo un atelier a D\u00fcsseldorf e a Colonia. Oggi vive a lavora a Lugano.<br \/>\nLa mostra intende ripercorrere \u2013 per la prima volta a Mendrisio \u2013 i principali capitoli della straordinaria carriera di Lucchini, dagli esiti espressionisti degli anni Sessanta e Settanta all\u2019influenza della Pop Art per arrivare al confronto con i <em>Neue Wilden <\/em>tedeschi. Particolare rilievo per\u00f2 \u00e8 attribuito alla produzione pi\u00f9 recente che rivela, con incredibile lucidit\u00e0 e altrettanto profonda poesia, un gesto sintetico nel tratteggiare la drammaticit\u00e0 del nostro mondo contemporaneo, da sempre inesauribile fonte iconografica da cui attingere.<\/p>\n<p><strong>Inaugurazione<\/strong><br \/>\nsabato 25 marzo 2023 &#8211; ore 17.00<\/p>\n<p><strong>Periodo espositivo<br \/>\n<\/strong>26 marzo &#8211; 25 giugno 2023<\/p>\n<p><strong>Orari<\/strong><br \/>\nMarted\u00ec \u2013 venerd\u00ec<br \/>\n10.00-12.00 \/ 14.00-17.00<br \/>\nsabato \u2013 domenica e festivi<br \/>\n10.00-18.00<br \/>\nluned\u00ec chiuso<\/p>\n","protected":false},"excerpt":{"rendered":"<p>Il Museo d\u2019arte Mendrisio inaugura la stagione espositiva 2023 con una grande antologica dedicata al pittore ticinese Cesare Lucchini (1941). Nato a Bellinzona e tra gli artisti pi\u00f9 importanti della sua generazione, Lucchini conclude la formazione nel 1965 all\u2019Accademia di Belle arti di Brera a Milano, dove vive e lavora per i successivi vent\u2019anni. Alla &#8230; <a title=\"CESARE LUCCHINI. La terra trema.\" class=\"read-more\" href=\"https:\/\/museimtest.p1.zrh01.swissbix.com\/?p=3853\">Leggi tutto <span class=\"screen-reader-text\">CESARE LUCCHINI. La terra trema.<\/span><\/a><\/p>\n","protected":false},"author":5,"featured_media":3860,"comment_status":"open","ping_status":"open","sticky":false,"template":"","format":"standard","meta":{"_monsterinsights_skip_tracking":false,"_monsterinsights_sitenote_active":false,"_monsterinsights_sitenote_note":"","_monsterinsights_sitenote_category":0,"footnotes":"","_links_to":"","_links_to_target":""},"categories":[20],"tags":[43],"class_list":["post-3853","post","type-post","status-publish","format-standard","has-post-thumbnail","hentry","category-museo-arte-mendrisio","tag-mostre"],"yoast_head":"<!-- This site is optimized with the Yoast SEO plugin v27.4 - https:\/\/yoast.com\/product\/yoast-seo-wordpress\/ -->\n<title>- Musei d\u2019Arte del Mendrisiotto<\/title>\n<meta name=\"robots\" content=\"index, follow, max-snippet:-1, max-image-preview:large, max-video-preview:-1\" \/>\n<link rel=\"canonical\" href=\"https:\/\/museimtest.p1.zrh01.swissbix.com\/cesare-lucchini\/\" \/>\n<meta property=\"og:locale\" content=\"it_IT\" \/>\n<meta property=\"og:type\" content=\"article\" \/>\n<meta property=\"og:title\" content=\"- Musei d\u2019Arte del Mendrisiotto\" \/>\n<meta property=\"og:description\" content=\"Il Museo d\u2019arte Mendrisio inaugura la stagione espositiva 2023 con una grande antologica dedicata al pittore ticinese Cesare Lucchini (1941). Nato a Bellinzona e tra gli artisti pi\u00f9 importanti della sua generazione, Lucchini conclude la formazione nel 1965 all\u2019Accademia di Belle arti di Brera a Milano, dove vive e lavora per i successivi vent\u2019anni. Alla ... Leggi tutto CESARE LUCCHINI. La terra trema.\" \/>\n<meta property=\"og:url\" content=\"https:\/\/museimtest.p1.zrh01.swissbix.com\/cesare-lucchini\/\" \/>\n<meta property=\"og:site_name\" content=\"Musei d\u2019Arte del Mendrisiotto\" \/>\n<meta property=\"article:published_time\" content=\"2023-01-31T11:33:12+00:00\" \/>\n<meta property=\"article:modified_time\" content=\"2023-06-08T18:40:40+00:00\" \/>\n<meta property=\"og:image\" content=\"https:\/\/museimtest.p1.zrh01.swissbix.com\/wp-content\/uploads\/2023\/01\/per-sito-8.2021-015-e1675771979951.jpg\" \/>\n\t<meta property=\"og:image:width\" content=\"900\" \/>\n\t<meta property=\"og:image:height\" content=\"416\" \/>\n\t<meta property=\"og:image:type\" content=\"image\/jpeg\" \/>\n<meta name=\"author\" content=\"Museo arte Mendrisio\" \/>\n<meta name=\"twitter:card\" content=\"summary_large_image\" \/>\n<meta name=\"twitter:label1\" content=\"Scritto da\" \/>\n\t<meta name=\"twitter:data1\" content=\"Museo arte Mendrisio\" \/>\n\t<meta name=\"twitter:label2\" content=\"Tempo di lettura stimato\" \/>\n\t<meta name=\"twitter:data2\" content=\"2 minuti\" \/>\n<script type=\"application\/ld+json\" class=\"yoast-schema-graph\">{\"@context\":\"https:\\\/\\\/schema.org\",\"@graph\":[{\"@type\":\"Article\",\"@id\":\"https:\\\/\\\/museimtest.p1.zrh01.swissbix.com\\\/cesare-lucchini\\\/#article\",\"isPartOf\":{\"@id\":\"https:\\\/\\\/museimtest.p1.zrh01.swissbix.com\\\/cesare-lucchini\\\/\"},\"author\":{\"name\":\"Museo arte Mendrisio\",\"@id\":\"https:\\\/\\\/museimtest.p1.zrh01.swissbix.com\\\/#\\\/schema\\\/person\\\/0fe0eb7d62385eaa4c42f59b9815b5c6\"},\"headline\":\"CESARE LUCCHINI. La terra trema.\",\"datePublished\":\"2023-01-31T11:33:12+00:00\",\"dateModified\":\"2023-06-08T18:40:40+00:00\",\"mainEntityOfPage\":{\"@id\":\"https:\\\/\\\/museimtest.p1.zrh01.swissbix.com\\\/cesare-lucchini\\\/\"},\"wordCount\":196,\"commentCount\":0,\"publisher\":{\"@id\":\"https:\\\/\\\/museimtest.p1.zrh01.swissbix.com\\\/#organization\"},\"image\":{\"@id\":\"https:\\\/\\\/museimtest.p1.zrh01.swissbix.com\\\/cesare-lucchini\\\/#primaryimage\"},\"thumbnailUrl\":\"https:\\\/\\\/museimtest.p1.zrh01.swissbix.com\\\/wp-content\\\/uploads\\\/2023\\\/01\\\/per-sito-8.2021-015-e1675771979951.jpg\",\"keywords\":[\"mostre\"],\"articleSection\":[\"Museo d'arte Mendrisio\"],\"inLanguage\":\"it-IT\",\"potentialAction\":[{\"@type\":\"CommentAction\",\"name\":\"Comment\",\"target\":[\"https:\\\/\\\/museimtest.p1.zrh01.swissbix.com\\\/cesare-lucchini\\\/#respond\"]}]},{\"@type\":\"event\",\"@id\":\"https:\\\/\\\/museimtest.p1.zrh01.swissbix.com\\\/cesare-lucchini\\\/\",\"url\":\"https:\\\/\\\/museimtest.p1.zrh01.swissbix.com\\\/cesare-lucchini\\\/\",\"name\":\"CESARE LUCCHINI. La terra trema.\",\"isPartOf\":{\"@id\":\"https:\\\/\\\/museimtest.p1.zrh01.swissbix.com\\\/#website\"},\"primaryImageOfPage\":{\"@id\":\"https:\\\/\\\/museimtest.p1.zrh01.swissbix.com\\\/cesare-lucchini\\\/#primaryimage\"},\"image\":[\"https:\\\/\\\/museimtest.p1.zrh01.swissbix.com\\\/wp-content\\\/uploads\\\/2023\\\/01\\\/per-sito-8.2021-015-e1675771979951.jpg\",\"https:\\\/\\\/museimtest.p1.zrh01.swissbix.com\\\/wp-content\\\/uploads\\\/2023\\\/01\\\/per-sito-8.2021-015-e1675771979951-300x139.jpg\",\"https:\\\/\\\/museimtest.p1.zrh01.swissbix.com\\\/wp-content\\\/uploads\\\/2023\\\/01\\\/per-sito-8.2021-015-e1675771979951.jpg\",\"https:\\\/\\\/museimtest.p1.zrh01.swissbix.com\\\/wp-content\\\/uploads\\\/2023\\\/01\\\/per-sito-8.2021-015-e1675771979951.jpg\"],\"thumbnailUrl\":\"https:\\\/\\\/museimtest.p1.zrh01.swissbix.com\\\/wp-content\\\/uploads\\\/2023\\\/01\\\/per-sito-8.2021-015-e1675771979951.jpg\",\"datePublished\":\"2023-01-31T11:33:12+02:00\",\"dateModified\":\"2023-06-08T18:40:40+02:00\",\"breadcrumb\":{\"@id\":\"https:\\\/\\\/museimtest.p1.zrh01.swissbix.com\\\/cesare-lucchini\\\/#breadcrumb\"},\"inLanguage\":\"it-IT\",\"potentialAction\":[{\"@type\":\"ReadAction\",\"target\":[\"https:\\\/\\\/museimtest.p1.zrh01.swissbix.com\\\/cesare-lucchini\\\/\"]}],\"@context\":\"https:\\\/\\\/schema.org\",\"startDate\":\"2023-03-26\",\"endDate\":\"2023-06-25\",\"eventStatus\":\"EventScheduled\",\"eventAttendanceMode\":\"OfflineEventAttendanceMode\",\"location\":{\"@type\":\"place\",\"name\":\"\",\"address\":\"\",\"geo\":{\"@type\":\"GeoCoordinates\",\"latitude\":\"\",\"longitude\":\"\"}},\"description\":\"Il Museo d\u2019arte Mendrisio inaugura la stagione espositiva 2023 con una grande antologica dedicata al pittore ticinese Cesare Lucchini (1941). Nato a Bellinzona e tra gli artisti pi\u00f9 importanti della sua generazione, Lucchini conclude la formazione nel 1965 all\u2019Accademia di Belle arti di Brera a Milano, dove vive e lavora per i successivi vent\u2019anni. Alla fine degli anni Ottanta, desideroso di entrare in contatto con la scena artistica e culturale tedesca, si trasferisce in Germania dove tiene a lungo un atelier a D\u00fcsseldorf e a Colonia. Oggi vive a lavora a Lugano.\\r\\nLa mostra intende ripercorrere \u2013 per la prima volta a Mendrisio \u2013 i principali capitoli della straordinaria carriera di Lucchini, dagli esiti espressionisti degli anni Sessanta e Settanta all\u2019influenza della Pop Art per arrivare al confronto con i Neue Wilden tedeschi. Particolare rilievo per\u00f2 \u00e8 attribuito alla produzione pi\u00f9 recente che rivela, con incredibile lucidit\u00e0 e altrettanto profonda poesia, un gesto sintetico nel tratteggiare la drammaticit\u00e0 del nostro mondo contemporaneo, da sempre inesauribile fonte iconografica da cui attingere.\\r\\n\\r\\nInaugurazione\\r\\nsabato 25 marzo 2023 - ore 17.00\\r\\n\\r\\nPeriodo espositivo\\r\\n26 marzo - 25 giugno 2023\\r\\n\\r\\nOrari\\r\\nMarted\u00ec \u2013 venerd\u00ec\\r\\n10.00-12.00 \\\/ 14.00-17.00\\r\\nsabato \u2013 domenica e festivi\\r\\n10.00-18.00\\r\\nluned\u00ec chiuso\",\"offers\":{\"@type\":\"Offer\"}},{\"@type\":\"ImageObject\",\"inLanguage\":\"it-IT\",\"@id\":\"https:\\\/\\\/museimtest.p1.zrh01.swissbix.com\\\/cesare-lucchini\\\/#primaryimage\",\"url\":\"https:\\\/\\\/museimtest.p1.zrh01.swissbix.com\\\/wp-content\\\/uploads\\\/2023\\\/01\\\/per-sito-8.2021-015-e1675771979951.jpg\",\"contentUrl\":\"https:\\\/\\\/museimtest.p1.zrh01.swissbix.com\\\/wp-content\\\/uploads\\\/2023\\\/01\\\/per-sito-8.2021-015-e1675771979951.jpg\",\"width\":900,\"height\":416},{\"@type\":\"BreadcrumbList\",\"@id\":\"https:\\\/\\\/museimtest.p1.zrh01.swissbix.com\\\/cesare-lucchini\\\/#breadcrumb\",\"itemListElement\":[{\"@type\":\"ListItem\",\"position\":1,\"name\":\"Home\",\"item\":\"https:\\\/\\\/museimtest.p1.zrh01.swissbix.com\\\/\"},{\"@type\":\"ListItem\",\"position\":2,\"name\":\"CESARE LUCCHINI. La terra trema.\"}]},{\"@type\":\"WebSite\",\"@id\":\"https:\\\/\\\/museimtest.p1.zrh01.swissbix.com\\\/#website\",\"url\":\"https:\\\/\\\/museimtest.p1.zrh01.swissbix.com\\\/\",\"name\":\"Musei d\u2019Arte del Mendrisiotto\",\"description\":\"La rete dei Musei d\u2019Arte del Mendrisiotto (MAM) si propone di rafforzare la visibilit\u00e0, promuovere la conoscenza dei musei del Mendrisiotto\",\"publisher\":{\"@id\":\"https:\\\/\\\/museimtest.p1.zrh01.swissbix.com\\\/#organization\"},\"potentialAction\":[{\"@type\":\"SearchAction\",\"target\":{\"@type\":\"EntryPoint\",\"urlTemplate\":\"https:\\\/\\\/museimtest.p1.zrh01.swissbix.com\\\/?s={search_term_string}\"},\"query-input\":{\"@type\":\"PropertyValueSpecification\",\"valueRequired\":true,\"valueName\":\"search_term_string\"}}],\"inLanguage\":\"it-IT\"},{\"@type\":\"Organization\",\"@id\":\"https:\\\/\\\/museimtest.p1.zrh01.swissbix.com\\\/#organization\",\"name\":\"Musei d\u2019Arte del Mendrisiotto\",\"url\":\"https:\\\/\\\/museimtest.p1.zrh01.swissbix.com\\\/\",\"logo\":{\"@type\":\"ImageObject\",\"inLanguage\":\"it-IT\",\"@id\":\"https:\\\/\\\/museimtest.p1.zrh01.swissbix.com\\\/#\\\/schema\\\/logo\\\/image\\\/\",\"url\":\"https:\\\/\\\/museimtest.p1.zrh01.swissbix.com\\\/wp-content\\\/uploads\\\/2020\\\/06\\\/logo_mam.png\",\"contentUrl\":\"https:\\\/\\\/museimtest.p1.zrh01.swissbix.com\\\/wp-content\\\/uploads\\\/2020\\\/06\\\/logo_mam.png\",\"width\":350,\"height\":250,\"caption\":\"Musei d\u2019Arte del Mendrisiotto\"},\"image\":{\"@id\":\"https:\\\/\\\/museimtest.p1.zrh01.swissbix.com\\\/#\\\/schema\\\/logo\\\/image\\\/\"}},{\"@type\":\"Person\",\"@id\":\"https:\\\/\\\/museimtest.p1.zrh01.swissbix.com\\\/#\\\/schema\\\/person\\\/0fe0eb7d62385eaa4c42f59b9815b5c6\",\"name\":\"Museo arte Mendrisio\",\"image\":{\"@type\":\"ImageObject\",\"inLanguage\":\"it-IT\",\"@id\":\"https:\\\/\\\/secure.gravatar.com\\\/avatar\\\/9d25066f1f60086b9ed979c0667cb0c6c4fc2d5a1c78d25c1c81dcc5a269deef?s=96&d=mm&r=g\",\"url\":\"https:\\\/\\\/secure.gravatar.com\\\/avatar\\\/9d25066f1f60086b9ed979c0667cb0c6c4fc2d5a1c78d25c1c81dcc5a269deef?s=96&d=mm&r=g\",\"contentUrl\":\"https:\\\/\\\/secure.gravatar.com\\\/avatar\\\/9d25066f1f60086b9ed979c0667cb0c6c4fc2d5a1c78d25c1c81dcc5a269deef?s=96&d=mm&r=g\",\"caption\":\"Museo arte Mendrisio\"}}]}<\/script>\n<!-- \/ Yoast SEO plugin. -->","yoast_head_json":{"title":"- Musei d\u2019Arte del Mendrisiotto","robots":{"index":"index","follow":"follow","max-snippet":"max-snippet:-1","max-image-preview":"max-image-preview:large","max-video-preview":"max-video-preview:-1"},"canonical":"https:\/\/museimtest.p1.zrh01.swissbix.com\/cesare-lucchini\/","og_locale":"it_IT","og_type":"article","og_title":"- Musei d\u2019Arte del Mendrisiotto","og_description":"Il Museo d\u2019arte Mendrisio inaugura la stagione espositiva 2023 con una grande antologica dedicata al pittore ticinese Cesare Lucchini (1941). Nato a Bellinzona e tra gli artisti pi\u00f9 importanti della sua generazione, Lucchini conclude la formazione nel 1965 all\u2019Accademia di Belle arti di Brera a Milano, dove vive e lavora per i successivi vent\u2019anni. Alla ... Leggi tutto CESARE LUCCHINI. La terra trema.","og_url":"https:\/\/museimtest.p1.zrh01.swissbix.com\/cesare-lucchini\/","og_site_name":"Musei d\u2019Arte del Mendrisiotto","article_published_time":"2023-01-31T11:33:12+00:00","article_modified_time":"2023-06-08T18:40:40+00:00","og_image":[{"width":900,"height":416,"url":"https:\/\/museimtest.p1.zrh01.swissbix.com\/wp-content\/uploads\/2023\/01\/per-sito-8.2021-015-e1675771979951.jpg","type":"image\/jpeg"}],"author":"Museo arte Mendrisio","twitter_card":"summary_large_image","twitter_misc":{"Scritto da":"Museo arte Mendrisio","Tempo di lettura stimato":"2 minuti"},"schema":{"@context":"https:\/\/schema.org","@graph":[{"@type":"Article","@id":"https:\/\/museimtest.p1.zrh01.swissbix.com\/cesare-lucchini\/#article","isPartOf":{"@id":"https:\/\/museimtest.p1.zrh01.swissbix.com\/cesare-lucchini\/"},"author":{"name":"Museo arte Mendrisio","@id":"https:\/\/museimtest.p1.zrh01.swissbix.com\/#\/schema\/person\/0fe0eb7d62385eaa4c42f59b9815b5c6"},"headline":"CESARE LUCCHINI. La terra trema.","datePublished":"2023-01-31T11:33:12+00:00","dateModified":"2023-06-08T18:40:40+00:00","mainEntityOfPage":{"@id":"https:\/\/museimtest.p1.zrh01.swissbix.com\/cesare-lucchini\/"},"wordCount":196,"commentCount":0,"publisher":{"@id":"https:\/\/museimtest.p1.zrh01.swissbix.com\/#organization"},"image":{"@id":"https:\/\/museimtest.p1.zrh01.swissbix.com\/cesare-lucchini\/#primaryimage"},"thumbnailUrl":"https:\/\/museimtest.p1.zrh01.swissbix.com\/wp-content\/uploads\/2023\/01\/per-sito-8.2021-015-e1675771979951.jpg","keywords":["mostre"],"articleSection":["Museo d'arte Mendrisio"],"inLanguage":"it-IT","potentialAction":[{"@type":"CommentAction","name":"Comment","target":["https:\/\/museimtest.p1.zrh01.swissbix.com\/cesare-lucchini\/#respond"]}]},{"@type":"event","@id":"https:\/\/museimtest.p1.zrh01.swissbix.com\/cesare-lucchini\/","url":"https:\/\/museimtest.p1.zrh01.swissbix.com\/cesare-lucchini\/","name":"CESARE LUCCHINI. La terra trema.","isPartOf":{"@id":"https:\/\/museimtest.p1.zrh01.swissbix.com\/#website"},"primaryImageOfPage":{"@id":"https:\/\/museimtest.p1.zrh01.swissbix.com\/cesare-lucchini\/#primaryimage"},"image":["https:\/\/museimtest.p1.zrh01.swissbix.com\/wp-content\/uploads\/2023\/01\/per-sito-8.2021-015-e1675771979951.jpg","https:\/\/museimtest.p1.zrh01.swissbix.com\/wp-content\/uploads\/2023\/01\/per-sito-8.2021-015-e1675771979951-300x139.jpg","https:\/\/museimtest.p1.zrh01.swissbix.com\/wp-content\/uploads\/2023\/01\/per-sito-8.2021-015-e1675771979951.jpg","https:\/\/museimtest.p1.zrh01.swissbix.com\/wp-content\/uploads\/2023\/01\/per-sito-8.2021-015-e1675771979951.jpg"],"thumbnailUrl":"https:\/\/museimtest.p1.zrh01.swissbix.com\/wp-content\/uploads\/2023\/01\/per-sito-8.2021-015-e1675771979951.jpg","datePublished":"2023-01-31T11:33:12+02:00","dateModified":"2023-06-08T18:40:40+02:00","breadcrumb":{"@id":"https:\/\/museimtest.p1.zrh01.swissbix.com\/cesare-lucchini\/#breadcrumb"},"inLanguage":"it-IT","potentialAction":[{"@type":"ReadAction","target":["https:\/\/museimtest.p1.zrh01.swissbix.com\/cesare-lucchini\/"]}],"@context":"https:\/\/schema.org","startDate":"2023-03-26","endDate":"2023-06-25","eventStatus":"EventScheduled","eventAttendanceMode":"OfflineEventAttendanceMode","location":{"@type":"place","name":"","address":"","geo":{"@type":"GeoCoordinates","latitude":"","longitude":""}},"description":"Il Museo d\u2019arte Mendrisio inaugura la stagione espositiva 2023 con una grande antologica dedicata al pittore ticinese Cesare Lucchini (1941). Nato a Bellinzona e tra gli artisti pi\u00f9 importanti della sua generazione, Lucchini conclude la formazione nel 1965 all\u2019Accademia di Belle arti di Brera a Milano, dove vive e lavora per i successivi vent\u2019anni. Alla fine degli anni Ottanta, desideroso di entrare in contatto con la scena artistica e culturale tedesca, si trasferisce in Germania dove tiene a lungo un atelier a D\u00fcsseldorf e a Colonia. Oggi vive a lavora a Lugano.\r\nLa mostra intende ripercorrere \u2013 per la prima volta a Mendrisio \u2013 i principali capitoli della straordinaria carriera di Lucchini, dagli esiti espressionisti degli anni Sessanta e Settanta all\u2019influenza della Pop Art per arrivare al confronto con i Neue Wilden tedeschi. Particolare rilievo per\u00f2 \u00e8 attribuito alla produzione pi\u00f9 recente che rivela, con incredibile lucidit\u00e0 e altrettanto profonda poesia, un gesto sintetico nel tratteggiare la drammaticit\u00e0 del nostro mondo contemporaneo, da sempre inesauribile fonte iconografica da cui attingere.\r\n\r\nInaugurazione\r\nsabato 25 marzo 2023 - ore 17.00\r\n\r\nPeriodo espositivo\r\n26 marzo - 25 giugno 2023\r\n\r\nOrari\r\nMarted\u00ec \u2013 venerd\u00ec\r\n10.00-12.00 \/ 14.00-17.00\r\nsabato \u2013 domenica e festivi\r\n10.00-18.00\r\nluned\u00ec chiuso","offers":{"@type":"Offer"}},{"@type":"ImageObject","inLanguage":"it-IT","@id":"https:\/\/museimtest.p1.zrh01.swissbix.com\/cesare-lucchini\/#primaryimage","url":"https:\/\/museimtest.p1.zrh01.swissbix.com\/wp-content\/uploads\/2023\/01\/per-sito-8.2021-015-e1675771979951.jpg","contentUrl":"https:\/\/museimtest.p1.zrh01.swissbix.com\/wp-content\/uploads\/2023\/01\/per-sito-8.2021-015-e1675771979951.jpg","width":900,"height":416},{"@type":"BreadcrumbList","@id":"https:\/\/museimtest.p1.zrh01.swissbix.com\/cesare-lucchini\/#breadcrumb","itemListElement":[{"@type":"ListItem","position":1,"name":"Home","item":"https:\/\/museimtest.p1.zrh01.swissbix.com\/"},{"@type":"ListItem","position":2,"name":"CESARE LUCCHINI. La terra trema."}]},{"@type":"WebSite","@id":"https:\/\/museimtest.p1.zrh01.swissbix.com\/#website","url":"https:\/\/museimtest.p1.zrh01.swissbix.com\/","name":"Musei d\u2019Arte del Mendrisiotto","description":"La rete dei Musei d\u2019Arte del Mendrisiotto (MAM) si propone di rafforzare la visibilit\u00e0, promuovere la conoscenza dei musei del Mendrisiotto","publisher":{"@id":"https:\/\/museimtest.p1.zrh01.swissbix.com\/#organization"},"potentialAction":[{"@type":"SearchAction","target":{"@type":"EntryPoint","urlTemplate":"https:\/\/museimtest.p1.zrh01.swissbix.com\/?s={search_term_string}"},"query-input":{"@type":"PropertyValueSpecification","valueRequired":true,"valueName":"search_term_string"}}],"inLanguage":"it-IT"},{"@type":"Organization","@id":"https:\/\/museimtest.p1.zrh01.swissbix.com\/#organization","name":"Musei d\u2019Arte del Mendrisiotto","url":"https:\/\/museimtest.p1.zrh01.swissbix.com\/","logo":{"@type":"ImageObject","inLanguage":"it-IT","@id":"https:\/\/museimtest.p1.zrh01.swissbix.com\/#\/schema\/logo\/image\/","url":"https:\/\/museimtest.p1.zrh01.swissbix.com\/wp-content\/uploads\/2020\/06\/logo_mam.png","contentUrl":"https:\/\/museimtest.p1.zrh01.swissbix.com\/wp-content\/uploads\/2020\/06\/logo_mam.png","width":350,"height":250,"caption":"Musei d\u2019Arte del Mendrisiotto"},"image":{"@id":"https:\/\/museimtest.p1.zrh01.swissbix.com\/#\/schema\/logo\/image\/"}},{"@type":"Person","@id":"https:\/\/museimtest.p1.zrh01.swissbix.com\/#\/schema\/person\/0fe0eb7d62385eaa4c42f59b9815b5c6","name":"Museo arte Mendrisio","image":{"@type":"ImageObject","inLanguage":"it-IT","@id":"https:\/\/secure.gravatar.com\/avatar\/9d25066f1f60086b9ed979c0667cb0c6c4fc2d5a1c78d25c1c81dcc5a269deef?s=96&d=mm&r=g","url":"https:\/\/secure.gravatar.com\/avatar\/9d25066f1f60086b9ed979c0667cb0c6c4fc2d5a1c78d25c1c81dcc5a269deef?s=96&d=mm&r=g","contentUrl":"https:\/\/secure.gravatar.com\/avatar\/9d25066f1f60086b9ed979c0667cb0c6c4fc2d5a1c78d25c1c81dcc5a269deef?s=96&d=mm&r=g","caption":"Museo arte Mendrisio"}}]}},"_links":{"self":[{"href":"https:\/\/museimtest.p1.zrh01.swissbix.com\/index.php?rest_route=\/wp\/v2\/posts\/3853","targetHints":{"allow":["GET"]}}],"collection":[{"href":"https:\/\/museimtest.p1.zrh01.swissbix.com\/index.php?rest_route=\/wp\/v2\/posts"}],"about":[{"href":"https:\/\/museimtest.p1.zrh01.swissbix.com\/index.php?rest_route=\/wp\/v2\/types\/post"}],"author":[{"embeddable":true,"href":"https:\/\/museimtest.p1.zrh01.swissbix.com\/index.php?rest_route=\/wp\/v2\/users\/5"}],"replies":[{"embeddable":true,"href":"https:\/\/museimtest.p1.zrh01.swissbix.com\/index.php?rest_route=%2Fwp%2Fv2%2Fcomments&post=3853"}],"version-history":[{"count":6,"href":"https:\/\/museimtest.p1.zrh01.swissbix.com\/index.php?rest_route=\/wp\/v2\/posts\/3853\/revisions"}],"predecessor-version":[{"id":3993,"href":"https:\/\/museimtest.p1.zrh01.swissbix.com\/index.php?rest_route=\/wp\/v2\/posts\/3853\/revisions\/3993"}],"wp:featuredmedia":[{"embeddable":true,"href":"https:\/\/museimtest.p1.zrh01.swissbix.com\/index.php?rest_route=\/wp\/v2\/media\/3860"}],"wp:attachment":[{"href":"https:\/\/museimtest.p1.zrh01.swissbix.com\/index.php?rest_route=%2Fwp%2Fv2%2Fmedia&parent=3853"}],"wp:term":[{"taxonomy":"category","embeddable":true,"href":"https:\/\/museimtest.p1.zrh01.swissbix.com\/index.php?rest_route=%2Fwp%2Fv2%2Fcategories&post=3853"},{"taxonomy":"post_tag","embeddable":true,"href":"https:\/\/museimtest.p1.zrh01.swissbix.com\/index.php?rest_route=%2Fwp%2Fv2%2Ftags&post=3853"}],"curies":[{"name":"wp","href":"https:\/\/api.w.org\/{rel}","templated":true}]}}