{"id":3713,"date":"2022-11-09T13:46:49","date_gmt":"2022-11-09T12:46:49","guid":{"rendered":"https:\/\/museimtest.p1.zrh01.swissbix.com\/?p=3713"},"modified":"2022-11-29T23:49:11","modified_gmt":"2022-11-29T22:49:11","slug":"donazioni-3","status":"publish","type":"post","link":"https:\/\/museimtest.p1.zrh01.swissbix.com\/?p=3713","title":{"rendered":"DONAZIONI #3. Ricerca artistica tra memoria e oblio."},"content":{"rendered":"<p class=\"lead\">La mostra, che si tiene allo Spazio Officina, si inserisce nel filone della \u201cgrafica contemporanea\u201d, e vuole presentare e rendere visibili al pubblico una selezione delle opere donate al m.a.x. museo di Chiasso da artisti e filantropi del mondo dell\u2019arte e della cultura,<br \/>\ngrazie anche alla sinergia con l\u2019associazione amici del m.a.x. museo AAMM.<br \/>\nLa proposta espositiva, che si snoda dal Novecento fino al nuovo Millennio, sino alle radici della pi\u00f9 vicina contemporaneit\u00e0, propone la scelta di opere che fanno riflettere sul percorso della creativit\u00e0 \u201cnell\u2019intreccio fra memoria e oblio\u201d: dalla pittura surrealista alla metafisica, dall\u2019arte concreta all\u2019informale, dalla pittura analitica all\u2019espressione concettuale, dal Minimalismo alla Transavanguardia.<\/p>\n<p class=\"lead\">Gli autori della selezione proposta sono personalit\u00e0 di spicco nella cultura del Novecento e del nuovo millennio. Un percorso ricco di suggestioni e di stimoli verso la contemporaneit\u00e0.<br \/>\nIn particolare si menziona: Pierre Alechinsky, Attilio Alfieri, Enrico Baj, Carlo Bert\u00e8, Serge Brignoni, Sandro Chia, Mario Comensoli, Enzo Cucchi, Enrico Della Torre, Piero Dorazio, Gillo Dorfles, Max Ernst, Lucio Fontana, Alberto Giacometti, Franco Grignani, Giovanni Korompay, Teresa Leiser Giupponi,\u00a0Richard Paul Lohse, Sandro Martini, Eliseo Mattiacci,\u00a0Hans Richter, Luciano Rigolini, Salvatore Scarpitta, Angelo Savelli, Federico Seneca, Daniel Spoerri, Mark Tobey, Gianfilippo Usellini, Italo Valenti, Walter Valentini.<\/p>\n<p>Mostra a cura di Luigi Sansone e Nicoletta Ossanna Cavadini.<\/p>\n<p><span class=\"x193iq5w xeuugli x13faqbe x1vvkbs xlh3980 xvmahel x1n0sxbx x1lliihq x1s928wv xhkezso x1gmr53x x1cpjm7i x1fgarty x1943h6x xudqn12 x3x7a5m x6prxxf xvq8zen xo1l8bm xzsf02u x1yc453h\" dir=\"auto\">Foto: Carlo Pedroli<\/span><\/p>\n<p>Periodo espositivo:<strong><br \/>\n<\/strong><strong>5 novembre \u2013 4 dicembre 2022<br \/>\n<\/strong>marted\u00ec \u2013 venerd\u00ec<br \/>\nore 14.00\u201318.00<br \/>\nsabato \u2013 domenica<br \/>\nore 10.00\u201312.00 e 14.00\u201318.00<br \/>\nluned\u00ec chiuso<\/p>\n","protected":false},"excerpt":{"rendered":"<p>La mostra, che si tiene allo Spazio Officina, si inserisce nel filone della \u201cgrafica contemporanea\u201d, e vuole presentare e rendere visibili al pubblico una selezione delle opere donate al m.a.x. museo di Chiasso da artisti e filantropi del mondo dell\u2019arte e della cultura, grazie anche alla sinergia con l\u2019associazione amici del m.a.x. museo AAMM. La &#8230; <a title=\"DONAZIONI #3. Ricerca artistica tra memoria e oblio.\" class=\"read-more\" href=\"https:\/\/museimtest.p1.zrh01.swissbix.com\/?p=3713\">Leggi tutto <span class=\"screen-reader-text\">DONAZIONI #3. Ricerca artistica tra memoria e oblio.<\/span><\/a><\/p>\n","protected":false},"author":9,"featured_media":3715,"comment_status":"open","ping_status":"open","sticky":false,"template":"","format":"standard","meta":{"_monsterinsights_skip_tracking":false,"_monsterinsights_sitenote_active":false,"_monsterinsights_sitenote_note":"","_monsterinsights_sitenote_category":0,"footnotes":"","_links_to":"","_links_to_target":""},"categories":[21],"tags":[43],"class_list":["post-3713","post","type-post","status-publish","format-standard","has-post-thumbnail","hentry","category-max-museo","tag-mostre"],"yoast_head":"<!-- This site is optimized with the Yoast SEO plugin v27.4 - https:\/\/yoast.com\/product\/yoast-seo-wordpress\/ -->\n<title>- Musei d\u2019Arte del Mendrisiotto<\/title>\n<meta name=\"robots\" content=\"index, follow, max-snippet:-1, max-image-preview:large, max-video-preview:-1\" \/>\n<link rel=\"canonical\" href=\"https:\/\/museimtest.p1.zrh01.swissbix.com\/donazioni-3\/\" \/>\n<meta property=\"og:locale\" content=\"it_IT\" \/>\n<meta property=\"og:type\" content=\"article\" \/>\n<meta property=\"og:title\" content=\"- Musei d\u2019Arte del Mendrisiotto\" \/>\n<meta property=\"og:description\" content=\"La mostra, che si tiene allo Spazio Officina, si inserisce nel filone della \u201cgrafica contemporanea\u201d, e vuole presentare e rendere visibili al pubblico una selezione delle opere donate al m.a.x. museo di Chiasso da artisti e filantropi del mondo dell\u2019arte e della cultura, grazie anche alla sinergia con l\u2019associazione amici del m.a.x. museo AAMM. La ... Leggi tutto DONAZIONI #3. Ricerca artistica tra memoria e oblio.\" \/>\n<meta property=\"og:url\" content=\"https:\/\/museimtest.p1.zrh01.swissbix.com\/donazioni-3\/\" \/>\n<meta property=\"og:site_name\" content=\"Musei d\u2019Arte del Mendrisiotto\" \/>\n<meta property=\"article:published_time\" content=\"2022-11-09T12:46:49+00:00\" \/>\n<meta property=\"article:modified_time\" content=\"2022-11-29T22:49:11+00:00\" \/>\n<meta property=\"og:image\" content=\"https:\/\/museimtest.p1.zrh01.swissbix.com\/wp-content\/uploads\/2022\/11\/DSC1848.jpg\" \/>\n\t<meta property=\"og:image:width\" content=\"900\" \/>\n\t<meta property=\"og:image:height\" content=\"416\" \/>\n\t<meta property=\"og:image:type\" content=\"image\/jpeg\" \/>\n<meta name=\"author\" content=\"rebecca.maspoli\" \/>\n<meta name=\"twitter:card\" content=\"summary_large_image\" \/>\n<meta name=\"twitter:label1\" content=\"Scritto da\" \/>\n\t<meta name=\"twitter:data1\" content=\"rebecca.maspoli\" \/>\n\t<meta name=\"twitter:label2\" content=\"Tempo di lettura stimato\" \/>\n\t<meta name=\"twitter:data2\" content=\"2 minuti\" \/>\n<script type=\"application\/ld+json\" class=\"yoast-schema-graph\">{\"@context\":\"https:\\\/\\\/schema.org\",\"@graph\":[{\"@type\":\"Article\",\"@id\":\"https:\\\/\\\/museimtest.p1.zrh01.swissbix.com\\\/donazioni-3\\\/#article\",\"isPartOf\":{\"@id\":\"https:\\\/\\\/museimtest.p1.zrh01.swissbix.com\\\/donazioni-3\\\/\"},\"author\":{\"name\":\"rebecca.maspoli\",\"@id\":\"https:\\\/\\\/museimtest.p1.zrh01.swissbix.com\\\/#\\\/schema\\\/person\\\/75f1c6daa688621a1f92baf5306a2964\"},\"headline\":\"DONAZIONI #3. Ricerca artistica tra memoria e oblio.\",\"datePublished\":\"2022-11-09T12:46:49+00:00\",\"dateModified\":\"2022-11-29T22:49:11+00:00\",\"mainEntityOfPage\":{\"@id\":\"https:\\\/\\\/museimtest.p1.zrh01.swissbix.com\\\/donazioni-3\\\/\"},\"wordCount\":245,\"commentCount\":0,\"publisher\":{\"@id\":\"https:\\\/\\\/museimtest.p1.zrh01.swissbix.com\\\/#organization\"},\"image\":{\"@id\":\"https:\\\/\\\/museimtest.p1.zrh01.swissbix.com\\\/donazioni-3\\\/#primaryimage\"},\"thumbnailUrl\":\"https:\\\/\\\/museimtest.p1.zrh01.swissbix.com\\\/wp-content\\\/uploads\\\/2022\\\/11\\\/DSC1848.jpg\",\"keywords\":[\"mostre\"],\"articleSection\":[\"m.a.x. museo\"],\"inLanguage\":\"it-IT\",\"potentialAction\":[{\"@type\":\"CommentAction\",\"name\":\"Comment\",\"target\":[\"https:\\\/\\\/museimtest.p1.zrh01.swissbix.com\\\/donazioni-3\\\/#respond\"]}]},{\"@type\":\"event\",\"@id\":\"https:\\\/\\\/museimtest.p1.zrh01.swissbix.com\\\/donazioni-3\\\/\",\"url\":\"https:\\\/\\\/museimtest.p1.zrh01.swissbix.com\\\/donazioni-3\\\/\",\"name\":\"DONAZIONI #3. Ricerca artistica tra memoria e oblio.\",\"isPartOf\":{\"@id\":\"https:\\\/\\\/museimtest.p1.zrh01.swissbix.com\\\/#website\"},\"primaryImageOfPage\":{\"@id\":\"https:\\\/\\\/museimtest.p1.zrh01.swissbix.com\\\/donazioni-3\\\/#primaryimage\"},\"image\":[\"https:\\\/\\\/museimtest.p1.zrh01.swissbix.com\\\/wp-content\\\/uploads\\\/2022\\\/11\\\/DSC1848.jpg\",\"https:\\\/\\\/museimtest.p1.zrh01.swissbix.com\\\/wp-content\\\/uploads\\\/2022\\\/11\\\/DSC1848-300x139.jpg\",\"https:\\\/\\\/museimtest.p1.zrh01.swissbix.com\\\/wp-content\\\/uploads\\\/2022\\\/11\\\/DSC1848.jpg\",\"https:\\\/\\\/museimtest.p1.zrh01.swissbix.com\\\/wp-content\\\/uploads\\\/2022\\\/11\\\/DSC1848.jpg\"],\"thumbnailUrl\":\"https:\\\/\\\/museimtest.p1.zrh01.swissbix.com\\\/wp-content\\\/uploads\\\/2022\\\/11\\\/DSC1848.jpg\",\"datePublished\":\"2022-11-09T12:46:49+02:00\",\"dateModified\":\"2022-11-29T22:49:11+02:00\",\"breadcrumb\":{\"@id\":\"https:\\\/\\\/museimtest.p1.zrh01.swissbix.com\\\/donazioni-3\\\/#breadcrumb\"},\"inLanguage\":\"it-IT\",\"potentialAction\":[{\"@type\":\"ReadAction\",\"target\":[\"https:\\\/\\\/museimtest.p1.zrh01.swissbix.com\\\/donazioni-3\\\/\"]}],\"@context\":\"https:\\\/\\\/schema.org\",\"startDate\":\"2022-11-05\",\"endDate\":\"2022-12-04\",\"eventStatus\":\"EventScheduled\",\"eventAttendanceMode\":\"OfflineEventAttendanceMode\",\"location\":{\"@type\":\"place\",\"name\":\"\",\"address\":\"\",\"geo\":{\"@type\":\"GeoCoordinates\",\"latitude\":\"\",\"longitude\":\"\"}},\"description\":\"La mostra, che si tiene allo Spazio Officina, si inserisce nel filone della \u201cgrafica contemporanea\u201d, e vuole presentare e rendere visibili al pubblico una selezione delle opere donate al m.a.x. museo di Chiasso da artisti e filantropi del mondo dell\u2019arte e della cultura,\\r\\ngrazie anche alla sinergia con l\u2019associazione amici del m.a.x. museo AAMM.\\r\\nLa proposta espositiva, che si snoda dal Novecento fino al nuovo Millennio, sino alle radici della pi\u00f9 vicina contemporaneit\u00e0, propone la scelta di opere che fanno riflettere sul percorso della creativit\u00e0 \u201cnell\u2019intreccio fra memoria e oblio\u201d: dalla pittura surrealista alla metafisica, dall\u2019arte concreta all\u2019informale, dalla pittura analitica all\u2019espressione concettuale, dal Minimalismo alla Transavanguardia.\\r\\nGli autori della selezione proposta sono personalit\u00e0 di spicco nella cultura del Novecento e del nuovo millennio. Un percorso ricco di suggestioni e di stimoli verso la contemporaneit\u00e0.\\r\\nIn particolare si menziona: Pierre Alechinsky, Attilio Alfieri, Enrico Baj, Carlo Bert\u00e8, Serge Brignoni, Sandro Chia, Mario Comensoli, Enzo Cucchi, Enrico Della Torre, Piero Dorazio, Gillo Dorfles, Max Ernst, Lucio Fontana, Alberto Giacometti, Franco Grignani, Giovanni Korompay, Teresa Leiser Giupponi,\u00a0Richard Paul Lohse, Sandro Martini, Eliseo Mattiacci,\u00a0Hans Richter, Luciano Rigolini, Salvatore Scarpitta, Angelo Savelli, Federico Seneca, Daniel Spoerri, Mark Tobey, Gianfilippo Usellini, Italo Valenti, Walter Valentini.\\r\\nMostra a cura di Luigi Sansone e Nicoletta Ossanna Cavadini.\\r\\n\\r\\nFoto: Carlo Pedroli\\r\\n\\r\\nPeriodo espositivo:\\r\\n5 novembre \u2013 4 dicembre 2022\\r\\nmarted\u00ec \u2013 venerd\u00ec\\r\\nore 14.00\u201318.00\\r\\nsabato \u2013 domenica\\r\\nore 10.00\u201312.00 e 14.00\u201318.00\\r\\nluned\u00ec chiuso\",\"offers\":{\"@type\":\"Offer\"}},{\"@type\":\"ImageObject\",\"inLanguage\":\"it-IT\",\"@id\":\"https:\\\/\\\/museimtest.p1.zrh01.swissbix.com\\\/donazioni-3\\\/#primaryimage\",\"url\":\"https:\\\/\\\/museimtest.p1.zrh01.swissbix.com\\\/wp-content\\\/uploads\\\/2022\\\/11\\\/DSC1848.jpg\",\"contentUrl\":\"https:\\\/\\\/museimtest.p1.zrh01.swissbix.com\\\/wp-content\\\/uploads\\\/2022\\\/11\\\/DSC1848.jpg\",\"width\":900,\"height\":416},{\"@type\":\"BreadcrumbList\",\"@id\":\"https:\\\/\\\/museimtest.p1.zrh01.swissbix.com\\\/donazioni-3\\\/#breadcrumb\",\"itemListElement\":[{\"@type\":\"ListItem\",\"position\":1,\"name\":\"Home\",\"item\":\"https:\\\/\\\/museimtest.p1.zrh01.swissbix.com\\\/\"},{\"@type\":\"ListItem\",\"position\":2,\"name\":\"DONAZIONI #3. Ricerca artistica tra memoria e oblio.\"}]},{\"@type\":\"WebSite\",\"@id\":\"https:\\\/\\\/museimtest.p1.zrh01.swissbix.com\\\/#website\",\"url\":\"https:\\\/\\\/museimtest.p1.zrh01.swissbix.com\\\/\",\"name\":\"Musei d\u2019Arte del Mendrisiotto\",\"description\":\"La rete dei Musei d\u2019Arte del Mendrisiotto (MAM) si propone di rafforzare la visibilit\u00e0, promuovere la conoscenza dei musei del Mendrisiotto\",\"publisher\":{\"@id\":\"https:\\\/\\\/museimtest.p1.zrh01.swissbix.com\\\/#organization\"},\"potentialAction\":[{\"@type\":\"SearchAction\",\"target\":{\"@type\":\"EntryPoint\",\"urlTemplate\":\"https:\\\/\\\/museimtest.p1.zrh01.swissbix.com\\\/?s={search_term_string}\"},\"query-input\":{\"@type\":\"PropertyValueSpecification\",\"valueRequired\":true,\"valueName\":\"search_term_string\"}}],\"inLanguage\":\"it-IT\"},{\"@type\":\"Organization\",\"@id\":\"https:\\\/\\\/museimtest.p1.zrh01.swissbix.com\\\/#organization\",\"name\":\"Musei d\u2019Arte del Mendrisiotto\",\"url\":\"https:\\\/\\\/museimtest.p1.zrh01.swissbix.com\\\/\",\"logo\":{\"@type\":\"ImageObject\",\"inLanguage\":\"it-IT\",\"@id\":\"https:\\\/\\\/museimtest.p1.zrh01.swissbix.com\\\/#\\\/schema\\\/logo\\\/image\\\/\",\"url\":\"https:\\\/\\\/museimtest.p1.zrh01.swissbix.com\\\/wp-content\\\/uploads\\\/2020\\\/06\\\/logo_mam.png\",\"contentUrl\":\"https:\\\/\\\/museimtest.p1.zrh01.swissbix.com\\\/wp-content\\\/uploads\\\/2020\\\/06\\\/logo_mam.png\",\"width\":350,\"height\":250,\"caption\":\"Musei d\u2019Arte del Mendrisiotto\"},\"image\":{\"@id\":\"https:\\\/\\\/museimtest.p1.zrh01.swissbix.com\\\/#\\\/schema\\\/logo\\\/image\\\/\"}},{\"@type\":\"Person\",\"@id\":\"https:\\\/\\\/museimtest.p1.zrh01.swissbix.com\\\/#\\\/schema\\\/person\\\/75f1c6daa688621a1f92baf5306a2964\",\"name\":\"rebecca.maspoli\",\"image\":{\"@type\":\"ImageObject\",\"inLanguage\":\"it-IT\",\"@id\":\"https:\\\/\\\/secure.gravatar.com\\\/avatar\\\/8eb20f31dcf75e20617a614b0e85501b6ad78fb1a0795c54bd53ddff54b7b6a4?s=96&d=mm&r=g\",\"url\":\"https:\\\/\\\/secure.gravatar.com\\\/avatar\\\/8eb20f31dcf75e20617a614b0e85501b6ad78fb1a0795c54bd53ddff54b7b6a4?s=96&d=mm&r=g\",\"contentUrl\":\"https:\\\/\\\/secure.gravatar.com\\\/avatar\\\/8eb20f31dcf75e20617a614b0e85501b6ad78fb1a0795c54bd53ddff54b7b6a4?s=96&d=mm&r=g\",\"caption\":\"rebecca.maspoli\"}}]}<\/script>\n<!-- \/ Yoast SEO plugin. -->","yoast_head_json":{"title":"- Musei d\u2019Arte del Mendrisiotto","robots":{"index":"index","follow":"follow","max-snippet":"max-snippet:-1","max-image-preview":"max-image-preview:large","max-video-preview":"max-video-preview:-1"},"canonical":"https:\/\/museimtest.p1.zrh01.swissbix.com\/donazioni-3\/","og_locale":"it_IT","og_type":"article","og_title":"- Musei d\u2019Arte del Mendrisiotto","og_description":"La mostra, che si tiene allo Spazio Officina, si inserisce nel filone della \u201cgrafica contemporanea\u201d, e vuole presentare e rendere visibili al pubblico una selezione delle opere donate al m.a.x. museo di Chiasso da artisti e filantropi del mondo dell\u2019arte e della cultura, grazie anche alla sinergia con l\u2019associazione amici del m.a.x. museo AAMM. La ... Leggi tutto DONAZIONI #3. Ricerca artistica tra memoria e oblio.","og_url":"https:\/\/museimtest.p1.zrh01.swissbix.com\/donazioni-3\/","og_site_name":"Musei d\u2019Arte del Mendrisiotto","article_published_time":"2022-11-09T12:46:49+00:00","article_modified_time":"2022-11-29T22:49:11+00:00","og_image":[{"width":900,"height":416,"url":"https:\/\/museimtest.p1.zrh01.swissbix.com\/wp-content\/uploads\/2022\/11\/DSC1848.jpg","type":"image\/jpeg"}],"author":"rebecca.maspoli","twitter_card":"summary_large_image","twitter_misc":{"Scritto da":"rebecca.maspoli","Tempo di lettura stimato":"2 minuti"},"schema":{"@context":"https:\/\/schema.org","@graph":[{"@type":"Article","@id":"https:\/\/museimtest.p1.zrh01.swissbix.com\/donazioni-3\/#article","isPartOf":{"@id":"https:\/\/museimtest.p1.zrh01.swissbix.com\/donazioni-3\/"},"author":{"name":"rebecca.maspoli","@id":"https:\/\/museimtest.p1.zrh01.swissbix.com\/#\/schema\/person\/75f1c6daa688621a1f92baf5306a2964"},"headline":"DONAZIONI #3. Ricerca artistica tra memoria e oblio.","datePublished":"2022-11-09T12:46:49+00:00","dateModified":"2022-11-29T22:49:11+00:00","mainEntityOfPage":{"@id":"https:\/\/museimtest.p1.zrh01.swissbix.com\/donazioni-3\/"},"wordCount":245,"commentCount":0,"publisher":{"@id":"https:\/\/museimtest.p1.zrh01.swissbix.com\/#organization"},"image":{"@id":"https:\/\/museimtest.p1.zrh01.swissbix.com\/donazioni-3\/#primaryimage"},"thumbnailUrl":"https:\/\/museimtest.p1.zrh01.swissbix.com\/wp-content\/uploads\/2022\/11\/DSC1848.jpg","keywords":["mostre"],"articleSection":["m.a.x. museo"],"inLanguage":"it-IT","potentialAction":[{"@type":"CommentAction","name":"Comment","target":["https:\/\/museimtest.p1.zrh01.swissbix.com\/donazioni-3\/#respond"]}]},{"@type":"event","@id":"https:\/\/museimtest.p1.zrh01.swissbix.com\/donazioni-3\/","url":"https:\/\/museimtest.p1.zrh01.swissbix.com\/donazioni-3\/","name":"DONAZIONI #3. Ricerca artistica tra memoria e oblio.","isPartOf":{"@id":"https:\/\/museimtest.p1.zrh01.swissbix.com\/#website"},"primaryImageOfPage":{"@id":"https:\/\/museimtest.p1.zrh01.swissbix.com\/donazioni-3\/#primaryimage"},"image":["https:\/\/museimtest.p1.zrh01.swissbix.com\/wp-content\/uploads\/2022\/11\/DSC1848.jpg","https:\/\/museimtest.p1.zrh01.swissbix.com\/wp-content\/uploads\/2022\/11\/DSC1848-300x139.jpg","https:\/\/museimtest.p1.zrh01.swissbix.com\/wp-content\/uploads\/2022\/11\/DSC1848.jpg","https:\/\/museimtest.p1.zrh01.swissbix.com\/wp-content\/uploads\/2022\/11\/DSC1848.jpg"],"thumbnailUrl":"https:\/\/museimtest.p1.zrh01.swissbix.com\/wp-content\/uploads\/2022\/11\/DSC1848.jpg","datePublished":"2022-11-09T12:46:49+02:00","dateModified":"2022-11-29T22:49:11+02:00","breadcrumb":{"@id":"https:\/\/museimtest.p1.zrh01.swissbix.com\/donazioni-3\/#breadcrumb"},"inLanguage":"it-IT","potentialAction":[{"@type":"ReadAction","target":["https:\/\/museimtest.p1.zrh01.swissbix.com\/donazioni-3\/"]}],"@context":"https:\/\/schema.org","startDate":"2022-11-05","endDate":"2022-12-04","eventStatus":"EventScheduled","eventAttendanceMode":"OfflineEventAttendanceMode","location":{"@type":"place","name":"","address":"","geo":{"@type":"GeoCoordinates","latitude":"","longitude":""}},"description":"La mostra, che si tiene allo Spazio Officina, si inserisce nel filone della \u201cgrafica contemporanea\u201d, e vuole presentare e rendere visibili al pubblico una selezione delle opere donate al m.a.x. museo di Chiasso da artisti e filantropi del mondo dell\u2019arte e della cultura,\r\ngrazie anche alla sinergia con l\u2019associazione amici del m.a.x. museo AAMM.\r\nLa proposta espositiva, che si snoda dal Novecento fino al nuovo Millennio, sino alle radici della pi\u00f9 vicina contemporaneit\u00e0, propone la scelta di opere che fanno riflettere sul percorso della creativit\u00e0 \u201cnell\u2019intreccio fra memoria e oblio\u201d: dalla pittura surrealista alla metafisica, dall\u2019arte concreta all\u2019informale, dalla pittura analitica all\u2019espressione concettuale, dal Minimalismo alla Transavanguardia.\r\nGli autori della selezione proposta sono personalit\u00e0 di spicco nella cultura del Novecento e del nuovo millennio. Un percorso ricco di suggestioni e di stimoli verso la contemporaneit\u00e0.\r\nIn particolare si menziona: Pierre Alechinsky, Attilio Alfieri, Enrico Baj, Carlo Bert\u00e8, Serge Brignoni, Sandro Chia, Mario Comensoli, Enzo Cucchi, Enrico Della Torre, Piero Dorazio, Gillo Dorfles, Max Ernst, Lucio Fontana, Alberto Giacometti, Franco Grignani, Giovanni Korompay, Teresa Leiser Giupponi,\u00a0Richard Paul Lohse, Sandro Martini, Eliseo Mattiacci,\u00a0Hans Richter, Luciano Rigolini, Salvatore Scarpitta, Angelo Savelli, Federico Seneca, Daniel Spoerri, Mark Tobey, Gianfilippo Usellini, Italo Valenti, Walter Valentini.\r\nMostra a cura di Luigi Sansone e Nicoletta Ossanna Cavadini.\r\n\r\nFoto: Carlo Pedroli\r\n\r\nPeriodo espositivo:\r\n5 novembre \u2013 4 dicembre 2022\r\nmarted\u00ec \u2013 venerd\u00ec\r\nore 14.00\u201318.00\r\nsabato \u2013 domenica\r\nore 10.00\u201312.00 e 14.00\u201318.00\r\nluned\u00ec chiuso","offers":{"@type":"Offer"}},{"@type":"ImageObject","inLanguage":"it-IT","@id":"https:\/\/museimtest.p1.zrh01.swissbix.com\/donazioni-3\/#primaryimage","url":"https:\/\/museimtest.p1.zrh01.swissbix.com\/wp-content\/uploads\/2022\/11\/DSC1848.jpg","contentUrl":"https:\/\/museimtest.p1.zrh01.swissbix.com\/wp-content\/uploads\/2022\/11\/DSC1848.jpg","width":900,"height":416},{"@type":"BreadcrumbList","@id":"https:\/\/museimtest.p1.zrh01.swissbix.com\/donazioni-3\/#breadcrumb","itemListElement":[{"@type":"ListItem","position":1,"name":"Home","item":"https:\/\/museimtest.p1.zrh01.swissbix.com\/"},{"@type":"ListItem","position":2,"name":"DONAZIONI #3. Ricerca artistica tra memoria e oblio."}]},{"@type":"WebSite","@id":"https:\/\/museimtest.p1.zrh01.swissbix.com\/#website","url":"https:\/\/museimtest.p1.zrh01.swissbix.com\/","name":"Musei d\u2019Arte del Mendrisiotto","description":"La rete dei Musei d\u2019Arte del Mendrisiotto (MAM) si propone di rafforzare la visibilit\u00e0, promuovere la conoscenza dei musei del Mendrisiotto","publisher":{"@id":"https:\/\/museimtest.p1.zrh01.swissbix.com\/#organization"},"potentialAction":[{"@type":"SearchAction","target":{"@type":"EntryPoint","urlTemplate":"https:\/\/museimtest.p1.zrh01.swissbix.com\/?s={search_term_string}"},"query-input":{"@type":"PropertyValueSpecification","valueRequired":true,"valueName":"search_term_string"}}],"inLanguage":"it-IT"},{"@type":"Organization","@id":"https:\/\/museimtest.p1.zrh01.swissbix.com\/#organization","name":"Musei d\u2019Arte del Mendrisiotto","url":"https:\/\/museimtest.p1.zrh01.swissbix.com\/","logo":{"@type":"ImageObject","inLanguage":"it-IT","@id":"https:\/\/museimtest.p1.zrh01.swissbix.com\/#\/schema\/logo\/image\/","url":"https:\/\/museimtest.p1.zrh01.swissbix.com\/wp-content\/uploads\/2020\/06\/logo_mam.png","contentUrl":"https:\/\/museimtest.p1.zrh01.swissbix.com\/wp-content\/uploads\/2020\/06\/logo_mam.png","width":350,"height":250,"caption":"Musei d\u2019Arte del Mendrisiotto"},"image":{"@id":"https:\/\/museimtest.p1.zrh01.swissbix.com\/#\/schema\/logo\/image\/"}},{"@type":"Person","@id":"https:\/\/museimtest.p1.zrh01.swissbix.com\/#\/schema\/person\/75f1c6daa688621a1f92baf5306a2964","name":"rebecca.maspoli","image":{"@type":"ImageObject","inLanguage":"it-IT","@id":"https:\/\/secure.gravatar.com\/avatar\/8eb20f31dcf75e20617a614b0e85501b6ad78fb1a0795c54bd53ddff54b7b6a4?s=96&d=mm&r=g","url":"https:\/\/secure.gravatar.com\/avatar\/8eb20f31dcf75e20617a614b0e85501b6ad78fb1a0795c54bd53ddff54b7b6a4?s=96&d=mm&r=g","contentUrl":"https:\/\/secure.gravatar.com\/avatar\/8eb20f31dcf75e20617a614b0e85501b6ad78fb1a0795c54bd53ddff54b7b6a4?s=96&d=mm&r=g","caption":"rebecca.maspoli"}}]}},"_links":{"self":[{"href":"https:\/\/museimtest.p1.zrh01.swissbix.com\/index.php?rest_route=\/wp\/v2\/posts\/3713","targetHints":{"allow":["GET"]}}],"collection":[{"href":"https:\/\/museimtest.p1.zrh01.swissbix.com\/index.php?rest_route=\/wp\/v2\/posts"}],"about":[{"href":"https:\/\/museimtest.p1.zrh01.swissbix.com\/index.php?rest_route=\/wp\/v2\/types\/post"}],"author":[{"embeddable":true,"href":"https:\/\/museimtest.p1.zrh01.swissbix.com\/index.php?rest_route=\/wp\/v2\/users\/9"}],"replies":[{"embeddable":true,"href":"https:\/\/museimtest.p1.zrh01.swissbix.com\/index.php?rest_route=%2Fwp%2Fv2%2Fcomments&post=3713"}],"version-history":[{"count":6,"href":"https:\/\/museimtest.p1.zrh01.swissbix.com\/index.php?rest_route=\/wp\/v2\/posts\/3713\/revisions"}],"predecessor-version":[{"id":3798,"href":"https:\/\/museimtest.p1.zrh01.swissbix.com\/index.php?rest_route=\/wp\/v2\/posts\/3713\/revisions\/3798"}],"wp:featuredmedia":[{"embeddable":true,"href":"https:\/\/museimtest.p1.zrh01.swissbix.com\/index.php?rest_route=\/wp\/v2\/media\/3715"}],"wp:attachment":[{"href":"https:\/\/museimtest.p1.zrh01.swissbix.com\/index.php?rest_route=%2Fwp%2Fv2%2Fmedia&parent=3713"}],"wp:term":[{"taxonomy":"category","embeddable":true,"href":"https:\/\/museimtest.p1.zrh01.swissbix.com\/index.php?rest_route=%2Fwp%2Fv2%2Fcategories&post=3713"},{"taxonomy":"post_tag","embeddable":true,"href":"https:\/\/museimtest.p1.zrh01.swissbix.com\/index.php?rest_route=%2Fwp%2Fv2%2Ftags&post=3713"}],"curies":[{"name":"wp","href":"https:\/\/api.w.org\/{rel}","templated":true}]}}