{"id":3558,"date":"2022-08-25T15:49:57","date_gmt":"2022-08-25T13:49:57","guid":{"rendered":"https:\/\/museimtest.p1.zrh01.swissbix.com\/?p=3558"},"modified":"2022-11-03T16:56:16","modified_gmt":"2022-11-03T15:56:16","slug":"andre-corboz","status":"publish","type":"post","link":"https:\/\/museimtest.p1.zrh01.swissbix.com\/?p=3558","title":{"rendered":"Il territorio come palinsesto: l&#8217;eredit\u00e0 di Andr\u00e9 Corboz."},"content":{"rendered":"<p>Il Teatro dell\u2019architettura Mendrisio dell\u2019Universit\u00e0 della Svizzera italiana ha il piacere di annunciare che la mostra <strong>\u201cIl Territorio come palinsesto: l\u2019eredit\u00e0 di Andr\u00e9 Corboz\u201d<\/strong>, promossa dall\u2019Accademia di architettura dell\u2019USI, con l\u2019Istituto di storia e teoria dell\u2019arte e dell\u2019architettura-ISA, con il sostegno della Biblioteca dell\u2019Accademia di architettura e della Cattedra Borromini, avr\u00e0 luogo dal 4 novembre 2022 al 5 febbraio 2023.<\/p>\n<p><strong>L\u2019esposizione, a cura di Andr\u00e9 Bideau e Sonja Hildebrand, intende esaminare il complesso corpus di opere di Andr\u00e9 Corboz (1928-2012), storico dell\u2019arte e urbanista ginevrino, il cui fondo librario e documentale \u00e8 custodito dalla Biblioteca dell\u2019Accademia di architettura dell\u2019USI a Mendrisio<\/strong> (rif. Fondo A.Corboz) e i cui interessi spaziavano dall\u2019opera del Palladio alle griglie territoriali degli Stati Uniti, dalla pianificazione nel periodo dell&#8217;Illuminismo francese alla Svizzera postmoderna, presentando i suoi contributi al dibattito culturale a lui contemporaneo.<\/p>\n<p><strong>La metafora espressa da Andr\u00e9 Corboz del &#8220;territorio come palinsesto&#8221; resta oggi pi\u00f9 che mai pertinente e di grande attualit\u00e0.<\/strong> Dagli anni Ottanta in poi, i suoi scritti sono via via sempre pi\u00f9 connotati dalla consapevolezza critica in merito alla natura costruita del territorio. Sia gli elementi costitutivi del paesaggio che la condizione urbana diventeranno per Corboz i termini per una costante indagine, da interrogare e da mettere in discussione. In tal modo lo storico e urbanista svizzero ha avuto modo di affrontare questioni di importanza cruciale per il suo tempo ma che rimangono di grande attualit\u00e0, in particolare in riferimento al paesaggio svizzero policentrico e urbanizzato e alla sua drammatica evoluzione in termini spaziali.<\/p>\n<p><a href=\"https:\/\/www.tam.usi.ch\/it\">Maggiori informazioni<\/a><\/p>\n","protected":false},"excerpt":{"rendered":"<p>Il Teatro dell\u2019architettura Mendrisio dell\u2019Universit\u00e0 della Svizzera italiana ha il piacere di annunciare che la mostra \u201cIl Territorio come palinsesto: l\u2019eredit\u00e0 di Andr\u00e9 Corboz\u201d, promossa dall\u2019Accademia di architettura dell\u2019USI, con l\u2019Istituto di storia e teoria dell\u2019arte e dell\u2019architettura-ISA, con il sostegno della Biblioteca dell\u2019Accademia di architettura e della Cattedra Borromini, avr\u00e0 luogo dal 4 novembre &#8230; <a title=\"Il territorio come palinsesto: l&#8217;eredit\u00e0 di Andr\u00e9 Corboz.\" class=\"read-more\" href=\"https:\/\/museimtest.p1.zrh01.swissbix.com\/?p=3558\">Leggi tutto <span class=\"screen-reader-text\">Il territorio come palinsesto: l&#8217;eredit\u00e0 di Andr\u00e9 Corboz.<\/span><\/a><\/p>\n","protected":false},"author":3,"featured_media":3560,"comment_status":"open","ping_status":"open","sticky":false,"template":"","format":"standard","meta":{"_monsterinsights_skip_tracking":false,"_monsterinsights_sitenote_active":false,"_monsterinsights_sitenote_note":"","_monsterinsights_sitenote_category":0,"footnotes":"","_links_to":"","_links_to_target":""},"categories":[19],"tags":[43],"class_list":["post-3558","post","type-post","status-publish","format-standard","has-post-thumbnail","hentry","category-teatro-architettura","tag-mostre"],"yoast_head":"<!-- This site is optimized with the Yoast SEO plugin v27.4 - https:\/\/yoast.com\/product\/yoast-seo-wordpress\/ -->\n<title>- Musei d\u2019Arte del Mendrisiotto<\/title>\n<meta name=\"robots\" content=\"index, follow, max-snippet:-1, max-image-preview:large, max-video-preview:-1\" \/>\n<link rel=\"canonical\" href=\"https:\/\/museimtest.p1.zrh01.swissbix.com\/andre-corboz\/\" \/>\n<meta property=\"og:locale\" content=\"it_IT\" \/>\n<meta property=\"og:type\" content=\"article\" \/>\n<meta property=\"og:title\" content=\"- Musei d\u2019Arte del Mendrisiotto\" \/>\n<meta property=\"og:description\" content=\"Il Teatro dell\u2019architettura Mendrisio dell\u2019Universit\u00e0 della Svizzera italiana ha il piacere di annunciare che la mostra \u201cIl Territorio come palinsesto: l\u2019eredit\u00e0 di Andr\u00e9 Corboz\u201d, promossa dall\u2019Accademia di architettura dell\u2019USI, con l\u2019Istituto di storia e teoria dell\u2019arte e dell\u2019architettura-ISA, con il sostegno della Biblioteca dell\u2019Accademia di architettura e della Cattedra Borromini, avr\u00e0 luogo dal 4 novembre ... Leggi tutto Il territorio come palinsesto: l&#8217;eredit\u00e0 di Andr\u00e9 Corboz.\" \/>\n<meta property=\"og:url\" content=\"https:\/\/museimtest.p1.zrh01.swissbix.com\/andre-corboz\/\" \/>\n<meta property=\"og:site_name\" content=\"Musei d\u2019Arte del Mendrisiotto\" \/>\n<meta property=\"article:published_time\" content=\"2022-08-25T13:49:57+00:00\" \/>\n<meta property=\"article:modified_time\" content=\"2022-11-03T15:56:16+00:00\" \/>\n<meta property=\"og:image\" content=\"https:\/\/museimtest.p1.zrh01.swissbix.com\/wp-content\/uploads\/2022\/08\/5.Scrivania_Corboz_Santa-Monica_WEB-scaled-e1661494495587.jpg\" \/>\n\t<meta property=\"og:image:width\" content=\"2560\" \/>\n\t<meta property=\"og:image:height\" content=\"1184\" \/>\n\t<meta property=\"og:image:type\" content=\"image\/jpeg\" \/>\n<meta name=\"author\" content=\"Tizulu Maeda\" \/>\n<meta name=\"twitter:card\" content=\"summary_large_image\" \/>\n<meta name=\"twitter:label1\" content=\"Scritto da\" \/>\n\t<meta name=\"twitter:data1\" content=\"Tizulu Maeda\" \/>\n\t<meta name=\"twitter:label2\" content=\"Tempo di lettura stimato\" \/>\n\t<meta name=\"twitter:data2\" content=\"2 minuti\" \/>\n<script type=\"application\/ld+json\" class=\"yoast-schema-graph\">{\"@context\":\"https:\\\/\\\/schema.org\",\"@graph\":[{\"@type\":\"Article\",\"@id\":\"https:\\\/\\\/museimtest.p1.zrh01.swissbix.com\\\/andre-corboz\\\/#article\",\"isPartOf\":{\"@id\":\"https:\\\/\\\/museimtest.p1.zrh01.swissbix.com\\\/andre-corboz\\\/\"},\"author\":{\"name\":\"Tizulu Maeda\",\"@id\":\"https:\\\/\\\/museimtest.p1.zrh01.swissbix.com\\\/#\\\/schema\\\/person\\\/9b4d618d12ffa4b1b6b02ba0e73c9b6a\"},\"headline\":\"Il territorio come palinsesto: l&#8217;eredit\u00e0 di Andr\u00e9 Corboz.\",\"datePublished\":\"2022-08-25T13:49:57+00:00\",\"dateModified\":\"2022-11-03T15:56:16+00:00\",\"mainEntityOfPage\":{\"@id\":\"https:\\\/\\\/museimtest.p1.zrh01.swissbix.com\\\/andre-corboz\\\/\"},\"wordCount\":272,\"commentCount\":0,\"publisher\":{\"@id\":\"https:\\\/\\\/museimtest.p1.zrh01.swissbix.com\\\/#organization\"},\"image\":{\"@id\":\"https:\\\/\\\/museimtest.p1.zrh01.swissbix.com\\\/andre-corboz\\\/#primaryimage\"},\"thumbnailUrl\":\"https:\\\/\\\/museimtest.p1.zrh01.swissbix.com\\\/wp-content\\\/uploads\\\/2022\\\/08\\\/5.Scrivania_Corboz_Santa-Monica_WEB-scaled-e1661494495587.jpg\",\"keywords\":[\"mostre\"],\"articleSection\":[\"Teatro dell'architettura\"],\"inLanguage\":\"it-IT\",\"potentialAction\":[{\"@type\":\"CommentAction\",\"name\":\"Comment\",\"target\":[\"https:\\\/\\\/museimtest.p1.zrh01.swissbix.com\\\/andre-corboz\\\/#respond\"]}]},{\"@type\":\"event\",\"@id\":\"https:\\\/\\\/museimtest.p1.zrh01.swissbix.com\\\/andre-corboz\\\/\",\"url\":\"https:\\\/\\\/museimtest.p1.zrh01.swissbix.com\\\/andre-corboz\\\/\",\"name\":\"Il territorio come palinsesto: l'eredit\u00e0 di Andr\u00e9 Corboz.\",\"isPartOf\":{\"@id\":\"https:\\\/\\\/museimtest.p1.zrh01.swissbix.com\\\/#website\"},\"primaryImageOfPage\":{\"@id\":\"https:\\\/\\\/museimtest.p1.zrh01.swissbix.com\\\/andre-corboz\\\/#primaryimage\"},\"image\":[\"https:\\\/\\\/museimtest.p1.zrh01.swissbix.com\\\/wp-content\\\/uploads\\\/2022\\\/08\\\/5.Scrivania_Corboz_Santa-Monica_WEB-scaled-e1661494495587.jpg\",\"https:\\\/\\\/museimtest.p1.zrh01.swissbix.com\\\/wp-content\\\/uploads\\\/2022\\\/08\\\/5.Scrivania_Corboz_Santa-Monica_WEB-scaled-e1661494495587-300x139.jpg\",\"https:\\\/\\\/museimtest.p1.zrh01.swissbix.com\\\/wp-content\\\/uploads\\\/2022\\\/08\\\/5.Scrivania_Corboz_Santa-Monica_WEB-scaled-e1661494495587-1024x474.jpg\",\"https:\\\/\\\/museimtest.p1.zrh01.swissbix.com\\\/wp-content\\\/uploads\\\/2022\\\/08\\\/5.Scrivania_Corboz_Santa-Monica_WEB-scaled-e1661494495587.jpg\"],\"thumbnailUrl\":\"https:\\\/\\\/museimtest.p1.zrh01.swissbix.com\\\/wp-content\\\/uploads\\\/2022\\\/08\\\/5.Scrivania_Corboz_Santa-Monica_WEB-scaled-e1661494495587.jpg\",\"datePublished\":\"2022-08-25T13:49:57+02:00\",\"dateModified\":\"2022-11-03T15:56:16+02:00\",\"breadcrumb\":{\"@id\":\"https:\\\/\\\/museimtest.p1.zrh01.swissbix.com\\\/andre-corboz\\\/#breadcrumb\"},\"inLanguage\":\"it-IT\",\"potentialAction\":[{\"@type\":\"ReadAction\",\"target\":[\"https:\\\/\\\/museimtest.p1.zrh01.swissbix.com\\\/andre-corboz\\\/\"]}],\"@context\":\"https:\\\/\\\/schema.org\",\"startDate\":\"2022-11-04\",\"endDate\":\"2023-02-05\",\"eventStatus\":\"EventScheduled\",\"eventAttendanceMode\":\"OfflineEventAttendanceMode\",\"location\":{\"@type\":\"place\",\"name\":\"\",\"address\":\"\",\"geo\":{\"@type\":\"GeoCoordinates\",\"latitude\":\"\",\"longitude\":\"\"}},\"description\":\"Il Teatro dell\u2019architettura Mendrisio dell\u2019Universit\u00e0 della Svizzera italiana ha il piacere di annunciare che la mostra \u201cIl Territorio come palinsesto: l\u2019eredit\u00e0 di Andr\u00e9 Corboz\u201d, promossa dall\u2019Accademia di architettura dell\u2019USI, con l\u2019Istituto di storia e teoria dell\u2019arte e dell\u2019architettura-ISA, con il sostegno della Biblioteca dell\u2019Accademia di architettura e della Cattedra Borromini, avr\u00e0 luogo dal 4 novembre 2022 al 5 febbraio 2023.\\r\\n\\r\\nL\u2019esposizione, a cura di Andr\u00e9 Bideau e Sonja Hildebrand, intende esaminare il complesso corpus di opere di Andr\u00e9 Corboz (1928-2012), storico dell\u2019arte e urbanista ginevrino, il cui fondo librario e documentale \u00e8 custodito dalla Biblioteca dell\u2019Accademia di architettura dell\u2019USI a Mendrisio (rif. Fondo A.Corboz) e i cui interessi spaziavano dall\u2019opera del Palladio alle griglie territoriali degli Stati Uniti, dalla pianificazione nel periodo dell'Illuminismo francese alla Svizzera postmoderna, presentando i suoi contributi al dibattito culturale a lui contemporaneo.\\r\\n\\r\\nLa metafora espressa da Andr\u00e9 Corboz del \\\"territorio come palinsesto\\\" resta oggi pi\u00f9 che mai pertinente e di grande attualit\u00e0. Dagli anni Ottanta in poi, i suoi scritti sono via via sempre pi\u00f9 connotati dalla consapevolezza critica in merito alla natura costruita del territorio. Sia gli elementi costitutivi del paesaggio che la condizione urbana diventeranno per Corboz i termini per una costante indagine, da interrogare e da mettere in discussione. In tal modo lo storico e urbanista svizzero ha avuto modo di affrontare questioni di importanza cruciale per il suo tempo ma che rimangono di grande attualit\u00e0, in particolare in riferimento al paesaggio svizzero policentrico e urbanizzato e alla sua drammatica evoluzione in termini spaziali.\\r\\n\\r\\nMaggiori informazioni\",\"offers\":{\"@type\":\"Offer\"}},{\"@type\":\"ImageObject\",\"inLanguage\":\"it-IT\",\"@id\":\"https:\\\/\\\/museimtest.p1.zrh01.swissbix.com\\\/andre-corboz\\\/#primaryimage\",\"url\":\"https:\\\/\\\/museimtest.p1.zrh01.swissbix.com\\\/wp-content\\\/uploads\\\/2022\\\/08\\\/5.Scrivania_Corboz_Santa-Monica_WEB-scaled-e1661494495587.jpg\",\"contentUrl\":\"https:\\\/\\\/museimtest.p1.zrh01.swissbix.com\\\/wp-content\\\/uploads\\\/2022\\\/08\\\/5.Scrivania_Corboz_Santa-Monica_WEB-scaled-e1661494495587.jpg\",\"width\":2560,\"height\":1184},{\"@type\":\"BreadcrumbList\",\"@id\":\"https:\\\/\\\/museimtest.p1.zrh01.swissbix.com\\\/andre-corboz\\\/#breadcrumb\",\"itemListElement\":[{\"@type\":\"ListItem\",\"position\":1,\"name\":\"Home\",\"item\":\"https:\\\/\\\/museimtest.p1.zrh01.swissbix.com\\\/\"},{\"@type\":\"ListItem\",\"position\":2,\"name\":\"Il territorio come palinsesto: l&#8217;eredit\u00e0 di Andr\u00e9 Corboz.\"}]},{\"@type\":\"WebSite\",\"@id\":\"https:\\\/\\\/museimtest.p1.zrh01.swissbix.com\\\/#website\",\"url\":\"https:\\\/\\\/museimtest.p1.zrh01.swissbix.com\\\/\",\"name\":\"Musei d\u2019Arte del Mendrisiotto\",\"description\":\"La rete dei Musei d\u2019Arte del Mendrisiotto (MAM) si propone di rafforzare la visibilit\u00e0, promuovere la conoscenza dei musei del Mendrisiotto\",\"publisher\":{\"@id\":\"https:\\\/\\\/museimtest.p1.zrh01.swissbix.com\\\/#organization\"},\"potentialAction\":[{\"@type\":\"SearchAction\",\"target\":{\"@type\":\"EntryPoint\",\"urlTemplate\":\"https:\\\/\\\/museimtest.p1.zrh01.swissbix.com\\\/?s={search_term_string}\"},\"query-input\":{\"@type\":\"PropertyValueSpecification\",\"valueRequired\":true,\"valueName\":\"search_term_string\"}}],\"inLanguage\":\"it-IT\"},{\"@type\":\"Organization\",\"@id\":\"https:\\\/\\\/museimtest.p1.zrh01.swissbix.com\\\/#organization\",\"name\":\"Musei d\u2019Arte del Mendrisiotto\",\"url\":\"https:\\\/\\\/museimtest.p1.zrh01.swissbix.com\\\/\",\"logo\":{\"@type\":\"ImageObject\",\"inLanguage\":\"it-IT\",\"@id\":\"https:\\\/\\\/museimtest.p1.zrh01.swissbix.com\\\/#\\\/schema\\\/logo\\\/image\\\/\",\"url\":\"https:\\\/\\\/museimtest.p1.zrh01.swissbix.com\\\/wp-content\\\/uploads\\\/2020\\\/06\\\/logo_mam.png\",\"contentUrl\":\"https:\\\/\\\/museimtest.p1.zrh01.swissbix.com\\\/wp-content\\\/uploads\\\/2020\\\/06\\\/logo_mam.png\",\"width\":350,\"height\":250,\"caption\":\"Musei d\u2019Arte del Mendrisiotto\"},\"image\":{\"@id\":\"https:\\\/\\\/museimtest.p1.zrh01.swissbix.com\\\/#\\\/schema\\\/logo\\\/image\\\/\"}},{\"@type\":\"Person\",\"@id\":\"https:\\\/\\\/museimtest.p1.zrh01.swissbix.com\\\/#\\\/schema\\\/person\\\/9b4d618d12ffa4b1b6b02ba0e73c9b6a\",\"name\":\"Tizulu Maeda\",\"image\":{\"@type\":\"ImageObject\",\"inLanguage\":\"it-IT\",\"@id\":\"https:\\\/\\\/secure.gravatar.com\\\/avatar\\\/7642646559752607c9b14b951f0032e5364bfc642af8bcf6a5694914b4ea528f?s=96&d=mm&r=g\",\"url\":\"https:\\\/\\\/secure.gravatar.com\\\/avatar\\\/7642646559752607c9b14b951f0032e5364bfc642af8bcf6a5694914b4ea528f?s=96&d=mm&r=g\",\"contentUrl\":\"https:\\\/\\\/secure.gravatar.com\\\/avatar\\\/7642646559752607c9b14b951f0032e5364bfc642af8bcf6a5694914b4ea528f?s=96&d=mm&r=g\",\"caption\":\"Tizulu Maeda\"}}]}<\/script>\n<!-- \/ Yoast SEO plugin. -->","yoast_head_json":{"title":"- Musei d\u2019Arte del Mendrisiotto","robots":{"index":"index","follow":"follow","max-snippet":"max-snippet:-1","max-image-preview":"max-image-preview:large","max-video-preview":"max-video-preview:-1"},"canonical":"https:\/\/museimtest.p1.zrh01.swissbix.com\/andre-corboz\/","og_locale":"it_IT","og_type":"article","og_title":"- Musei d\u2019Arte del Mendrisiotto","og_description":"Il Teatro dell\u2019architettura Mendrisio dell\u2019Universit\u00e0 della Svizzera italiana ha il piacere di annunciare che la mostra \u201cIl Territorio come palinsesto: l\u2019eredit\u00e0 di Andr\u00e9 Corboz\u201d, promossa dall\u2019Accademia di architettura dell\u2019USI, con l\u2019Istituto di storia e teoria dell\u2019arte e dell\u2019architettura-ISA, con il sostegno della Biblioteca dell\u2019Accademia di architettura e della Cattedra Borromini, avr\u00e0 luogo dal 4 novembre ... Leggi tutto Il territorio come palinsesto: l&#8217;eredit\u00e0 di Andr\u00e9 Corboz.","og_url":"https:\/\/museimtest.p1.zrh01.swissbix.com\/andre-corboz\/","og_site_name":"Musei d\u2019Arte del Mendrisiotto","article_published_time":"2022-08-25T13:49:57+00:00","article_modified_time":"2022-11-03T15:56:16+00:00","og_image":[{"width":2560,"height":1184,"url":"https:\/\/museimtest.p1.zrh01.swissbix.com\/wp-content\/uploads\/2022\/08\/5.Scrivania_Corboz_Santa-Monica_WEB-scaled-e1661494495587.jpg","type":"image\/jpeg"}],"author":"Tizulu Maeda","twitter_card":"summary_large_image","twitter_misc":{"Scritto da":"Tizulu Maeda","Tempo di lettura stimato":"2 minuti"},"schema":{"@context":"https:\/\/schema.org","@graph":[{"@type":"Article","@id":"https:\/\/museimtest.p1.zrh01.swissbix.com\/andre-corboz\/#article","isPartOf":{"@id":"https:\/\/museimtest.p1.zrh01.swissbix.com\/andre-corboz\/"},"author":{"name":"Tizulu Maeda","@id":"https:\/\/museimtest.p1.zrh01.swissbix.com\/#\/schema\/person\/9b4d618d12ffa4b1b6b02ba0e73c9b6a"},"headline":"Il territorio come palinsesto: l&#8217;eredit\u00e0 di Andr\u00e9 Corboz.","datePublished":"2022-08-25T13:49:57+00:00","dateModified":"2022-11-03T15:56:16+00:00","mainEntityOfPage":{"@id":"https:\/\/museimtest.p1.zrh01.swissbix.com\/andre-corboz\/"},"wordCount":272,"commentCount":0,"publisher":{"@id":"https:\/\/museimtest.p1.zrh01.swissbix.com\/#organization"},"image":{"@id":"https:\/\/museimtest.p1.zrh01.swissbix.com\/andre-corboz\/#primaryimage"},"thumbnailUrl":"https:\/\/museimtest.p1.zrh01.swissbix.com\/wp-content\/uploads\/2022\/08\/5.Scrivania_Corboz_Santa-Monica_WEB-scaled-e1661494495587.jpg","keywords":["mostre"],"articleSection":["Teatro dell'architettura"],"inLanguage":"it-IT","potentialAction":[{"@type":"CommentAction","name":"Comment","target":["https:\/\/museimtest.p1.zrh01.swissbix.com\/andre-corboz\/#respond"]}]},{"@type":"event","@id":"https:\/\/museimtest.p1.zrh01.swissbix.com\/andre-corboz\/","url":"https:\/\/museimtest.p1.zrh01.swissbix.com\/andre-corboz\/","name":"Il territorio come palinsesto: l'eredit\u00e0 di Andr\u00e9 Corboz.","isPartOf":{"@id":"https:\/\/museimtest.p1.zrh01.swissbix.com\/#website"},"primaryImageOfPage":{"@id":"https:\/\/museimtest.p1.zrh01.swissbix.com\/andre-corboz\/#primaryimage"},"image":["https:\/\/museimtest.p1.zrh01.swissbix.com\/wp-content\/uploads\/2022\/08\/5.Scrivania_Corboz_Santa-Monica_WEB-scaled-e1661494495587.jpg","https:\/\/museimtest.p1.zrh01.swissbix.com\/wp-content\/uploads\/2022\/08\/5.Scrivania_Corboz_Santa-Monica_WEB-scaled-e1661494495587-300x139.jpg","https:\/\/museimtest.p1.zrh01.swissbix.com\/wp-content\/uploads\/2022\/08\/5.Scrivania_Corboz_Santa-Monica_WEB-scaled-e1661494495587-1024x474.jpg","https:\/\/museimtest.p1.zrh01.swissbix.com\/wp-content\/uploads\/2022\/08\/5.Scrivania_Corboz_Santa-Monica_WEB-scaled-e1661494495587.jpg"],"thumbnailUrl":"https:\/\/museimtest.p1.zrh01.swissbix.com\/wp-content\/uploads\/2022\/08\/5.Scrivania_Corboz_Santa-Monica_WEB-scaled-e1661494495587.jpg","datePublished":"2022-08-25T13:49:57+02:00","dateModified":"2022-11-03T15:56:16+02:00","breadcrumb":{"@id":"https:\/\/museimtest.p1.zrh01.swissbix.com\/andre-corboz\/#breadcrumb"},"inLanguage":"it-IT","potentialAction":[{"@type":"ReadAction","target":["https:\/\/museimtest.p1.zrh01.swissbix.com\/andre-corboz\/"]}],"@context":"https:\/\/schema.org","startDate":"2022-11-04","endDate":"2023-02-05","eventStatus":"EventScheduled","eventAttendanceMode":"OfflineEventAttendanceMode","location":{"@type":"place","name":"","address":"","geo":{"@type":"GeoCoordinates","latitude":"","longitude":""}},"description":"Il Teatro dell\u2019architettura Mendrisio dell\u2019Universit\u00e0 della Svizzera italiana ha il piacere di annunciare che la mostra \u201cIl Territorio come palinsesto: l\u2019eredit\u00e0 di Andr\u00e9 Corboz\u201d, promossa dall\u2019Accademia di architettura dell\u2019USI, con l\u2019Istituto di storia e teoria dell\u2019arte e dell\u2019architettura-ISA, con il sostegno della Biblioteca dell\u2019Accademia di architettura e della Cattedra Borromini, avr\u00e0 luogo dal 4 novembre 2022 al 5 febbraio 2023.\r\n\r\nL\u2019esposizione, a cura di Andr\u00e9 Bideau e Sonja Hildebrand, intende esaminare il complesso corpus di opere di Andr\u00e9 Corboz (1928-2012), storico dell\u2019arte e urbanista ginevrino, il cui fondo librario e documentale \u00e8 custodito dalla Biblioteca dell\u2019Accademia di architettura dell\u2019USI a Mendrisio (rif. Fondo A.Corboz) e i cui interessi spaziavano dall\u2019opera del Palladio alle griglie territoriali degli Stati Uniti, dalla pianificazione nel periodo dell'Illuminismo francese alla Svizzera postmoderna, presentando i suoi contributi al dibattito culturale a lui contemporaneo.\r\n\r\nLa metafora espressa da Andr\u00e9 Corboz del \"territorio come palinsesto\" resta oggi pi\u00f9 che mai pertinente e di grande attualit\u00e0. Dagli anni Ottanta in poi, i suoi scritti sono via via sempre pi\u00f9 connotati dalla consapevolezza critica in merito alla natura costruita del territorio. Sia gli elementi costitutivi del paesaggio che la condizione urbana diventeranno per Corboz i termini per una costante indagine, da interrogare e da mettere in discussione. In tal modo lo storico e urbanista svizzero ha avuto modo di affrontare questioni di importanza cruciale per il suo tempo ma che rimangono di grande attualit\u00e0, in particolare in riferimento al paesaggio svizzero policentrico e urbanizzato e alla sua drammatica evoluzione in termini spaziali.\r\n\r\nMaggiori informazioni","offers":{"@type":"Offer"}},{"@type":"ImageObject","inLanguage":"it-IT","@id":"https:\/\/museimtest.p1.zrh01.swissbix.com\/andre-corboz\/#primaryimage","url":"https:\/\/museimtest.p1.zrh01.swissbix.com\/wp-content\/uploads\/2022\/08\/5.Scrivania_Corboz_Santa-Monica_WEB-scaled-e1661494495587.jpg","contentUrl":"https:\/\/museimtest.p1.zrh01.swissbix.com\/wp-content\/uploads\/2022\/08\/5.Scrivania_Corboz_Santa-Monica_WEB-scaled-e1661494495587.jpg","width":2560,"height":1184},{"@type":"BreadcrumbList","@id":"https:\/\/museimtest.p1.zrh01.swissbix.com\/andre-corboz\/#breadcrumb","itemListElement":[{"@type":"ListItem","position":1,"name":"Home","item":"https:\/\/museimtest.p1.zrh01.swissbix.com\/"},{"@type":"ListItem","position":2,"name":"Il territorio come palinsesto: l&#8217;eredit\u00e0 di Andr\u00e9 Corboz."}]},{"@type":"WebSite","@id":"https:\/\/museimtest.p1.zrh01.swissbix.com\/#website","url":"https:\/\/museimtest.p1.zrh01.swissbix.com\/","name":"Musei d\u2019Arte del Mendrisiotto","description":"La rete dei Musei d\u2019Arte del Mendrisiotto (MAM) si propone di rafforzare la visibilit\u00e0, promuovere la conoscenza dei musei del Mendrisiotto","publisher":{"@id":"https:\/\/museimtest.p1.zrh01.swissbix.com\/#organization"},"potentialAction":[{"@type":"SearchAction","target":{"@type":"EntryPoint","urlTemplate":"https:\/\/museimtest.p1.zrh01.swissbix.com\/?s={search_term_string}"},"query-input":{"@type":"PropertyValueSpecification","valueRequired":true,"valueName":"search_term_string"}}],"inLanguage":"it-IT"},{"@type":"Organization","@id":"https:\/\/museimtest.p1.zrh01.swissbix.com\/#organization","name":"Musei d\u2019Arte del Mendrisiotto","url":"https:\/\/museimtest.p1.zrh01.swissbix.com\/","logo":{"@type":"ImageObject","inLanguage":"it-IT","@id":"https:\/\/museimtest.p1.zrh01.swissbix.com\/#\/schema\/logo\/image\/","url":"https:\/\/museimtest.p1.zrh01.swissbix.com\/wp-content\/uploads\/2020\/06\/logo_mam.png","contentUrl":"https:\/\/museimtest.p1.zrh01.swissbix.com\/wp-content\/uploads\/2020\/06\/logo_mam.png","width":350,"height":250,"caption":"Musei d\u2019Arte del Mendrisiotto"},"image":{"@id":"https:\/\/museimtest.p1.zrh01.swissbix.com\/#\/schema\/logo\/image\/"}},{"@type":"Person","@id":"https:\/\/museimtest.p1.zrh01.swissbix.com\/#\/schema\/person\/9b4d618d12ffa4b1b6b02ba0e73c9b6a","name":"Tizulu Maeda","image":{"@type":"ImageObject","inLanguage":"it-IT","@id":"https:\/\/secure.gravatar.com\/avatar\/7642646559752607c9b14b951f0032e5364bfc642af8bcf6a5694914b4ea528f?s=96&d=mm&r=g","url":"https:\/\/secure.gravatar.com\/avatar\/7642646559752607c9b14b951f0032e5364bfc642af8bcf6a5694914b4ea528f?s=96&d=mm&r=g","contentUrl":"https:\/\/secure.gravatar.com\/avatar\/7642646559752607c9b14b951f0032e5364bfc642af8bcf6a5694914b4ea528f?s=96&d=mm&r=g","caption":"Tizulu Maeda"}}]}},"_links":{"self":[{"href":"https:\/\/museimtest.p1.zrh01.swissbix.com\/index.php?rest_route=\/wp\/v2\/posts\/3558","targetHints":{"allow":["GET"]}}],"collection":[{"href":"https:\/\/museimtest.p1.zrh01.swissbix.com\/index.php?rest_route=\/wp\/v2\/posts"}],"about":[{"href":"https:\/\/museimtest.p1.zrh01.swissbix.com\/index.php?rest_route=\/wp\/v2\/types\/post"}],"author":[{"embeddable":true,"href":"https:\/\/museimtest.p1.zrh01.swissbix.com\/index.php?rest_route=\/wp\/v2\/users\/3"}],"replies":[{"embeddable":true,"href":"https:\/\/museimtest.p1.zrh01.swissbix.com\/index.php?rest_route=%2Fwp%2Fv2%2Fcomments&post=3558"}],"version-history":[{"count":8,"href":"https:\/\/museimtest.p1.zrh01.swissbix.com\/index.php?rest_route=\/wp\/v2\/posts\/3558\/revisions"}],"predecessor-version":[{"id":3700,"href":"https:\/\/museimtest.p1.zrh01.swissbix.com\/index.php?rest_route=\/wp\/v2\/posts\/3558\/revisions\/3700"}],"wp:featuredmedia":[{"embeddable":true,"href":"https:\/\/museimtest.p1.zrh01.swissbix.com\/index.php?rest_route=\/wp\/v2\/media\/3560"}],"wp:attachment":[{"href":"https:\/\/museimtest.p1.zrh01.swissbix.com\/index.php?rest_route=%2Fwp%2Fv2%2Fmedia&parent=3558"}],"wp:term":[{"taxonomy":"category","embeddable":true,"href":"https:\/\/museimtest.p1.zrh01.swissbix.com\/index.php?rest_route=%2Fwp%2Fv2%2Fcategories&post=3558"},{"taxonomy":"post_tag","embeddable":true,"href":"https:\/\/museimtest.p1.zrh01.swissbix.com\/index.php?rest_route=%2Fwp%2Fv2%2Ftags&post=3558"}],"curies":[{"name":"wp","href":"https:\/\/api.w.org\/{rel}","templated":true}]}}