{"id":3282,"date":"2022-05-27T17:31:11","date_gmt":"2022-05-27T15:31:11","guid":{"rendered":"https:\/\/museimtest.p1.zrh01.swissbix.com\/?p=3282"},"modified":"2022-06-20T09:38:28","modified_gmt":"2022-06-20T07:38:28","slug":"mario-comensoli-1922-1933-gli-uomini-in-blu","status":"publish","type":"post","link":"https:\/\/museimtest.p1.zrh01.swissbix.com\/?p=3282","title":{"rendered":"MARIO COMENSOLI (1922-1933). Gli &#8220;uomini in blu&#8221;."},"content":{"rendered":"<p>Mostra a cura di Chiara Gatti e Nicoletta Ossanna Cavadini.<\/p>\n<div class=\"date_ticket\">\n<p class=\"date\">La mostra mira a presentare la produzione pittorica relativa al periodo degli \u201cuomini in blu\u201d di Mario Comensoli (Lugano, 1922 \u2013 Zurigo, 1993), collocandosi in tal modo tra gli approfondimenti tematici sugli artisti contemporanei legati al <em>genius loci.\u00a0<\/em>L\u2019esposizione s\u2019inserisce nelle celebrazioni del centenario della nascita del pittore luganese, e lo Spazio Officina celebra questo anniversario ospitando una selezione di una sessantina di opere a grande formato realizzate dall\u2019artista tra il 1953 e il 1961. Si tratta per lo pi\u00f9 di tele in cui la figura umana \u00e8 spesso l\u2019unico soggetto che emerge prepotentemente a livello plastico e con una connotazione cromaticamente omogenea. A prevalere \u00e8 il colore blu, tratto dalla tinta delle tute indossate dagli immigrati italiani che, proprio qui a Chiasso, trovavano una porta di accesso verso un nuovo futuro nel secondo Dopoguerra.<\/p>\n<\/div>\n<p>L\u2019esposizione \u00e8 realizzata in collaborazione con la Fondazione Mario e H\u00e9l\u00e8ne Comensoli e grazie a prestiti di istituzioni pubbliche e collezionisti privati.<\/p>\n<p>Orari Spazio Officina <a href=\"https:\/\/www.centroculturalechiasso.ch\/spazio-officina\/contatti\/\">qui<\/a>.<\/p>\n<p>&nbsp;<\/p>\n","protected":false},"excerpt":{"rendered":"<p>Mostra a cura di Chiara Gatti e Nicoletta Ossanna Cavadini. La mostra mira a presentare la produzione pittorica relativa al periodo degli \u201cuomini in blu\u201d di Mario Comensoli (Lugano, 1922 \u2013 Zurigo, 1993), collocandosi in tal modo tra gli approfondimenti tematici sugli artisti contemporanei legati al genius loci.\u00a0L\u2019esposizione s\u2019inserisce nelle celebrazioni del centenario della nascita &#8230; <a title=\"MARIO COMENSOLI (1922-1933). Gli &#8220;uomini in blu&#8221;.\" class=\"read-more\" href=\"https:\/\/museimtest.p1.zrh01.swissbix.com\/?p=3282\">Leggi tutto <span class=\"screen-reader-text\">MARIO COMENSOLI (1922-1933). Gli &#8220;uomini in blu&#8221;.<\/span><\/a><\/p>\n","protected":false},"author":4,"featured_media":3279,"comment_status":"open","ping_status":"open","sticky":false,"template":"","format":"standard","meta":{"_monsterinsights_skip_tracking":false,"_monsterinsights_sitenote_active":false,"_monsterinsights_sitenote_note":"","_monsterinsights_sitenote_category":0,"footnotes":"","_links_to":"","_links_to_target":""},"categories":[21],"tags":[43],"class_list":["post-3282","post","type-post","status-publish","format-standard","has-post-thumbnail","hentry","category-max-museo","tag-mostre"],"yoast_head":"<!-- This site is optimized with the Yoast SEO plugin v27.4 - https:\/\/yoast.com\/product\/yoast-seo-wordpress\/ -->\n<title>- Musei d\u2019Arte del Mendrisiotto<\/title>\n<meta name=\"robots\" content=\"index, follow, max-snippet:-1, max-image-preview:large, max-video-preview:-1\" \/>\n<link rel=\"canonical\" href=\"https:\/\/museimtest.p1.zrh01.swissbix.com\/mario-comensoli-1922-1933-gli-uomini-in-blu\/\" \/>\n<meta property=\"og:locale\" content=\"it_IT\" \/>\n<meta property=\"og:type\" content=\"article\" \/>\n<meta property=\"og:title\" content=\"- Musei d\u2019Arte del Mendrisiotto\" \/>\n<meta property=\"og:description\" content=\"Mostra a cura di Chiara Gatti e Nicoletta Ossanna Cavadini. La mostra mira a presentare la produzione pittorica relativa al periodo degli \u201cuomini in blu\u201d di Mario Comensoli (Lugano, 1922 \u2013 Zurigo, 1993), collocandosi in tal modo tra gli approfondimenti tematici sugli artisti contemporanei legati al genius loci.\u00a0L\u2019esposizione s\u2019inserisce nelle celebrazioni del centenario della nascita ... Leggi tutto MARIO COMENSOLI (1922-1933). Gli &#8220;uomini in blu&#8221;.\" \/>\n<meta property=\"og:url\" content=\"https:\/\/museimtest.p1.zrh01.swissbix.com\/mario-comensoli-1922-1933-gli-uomini-in-blu\/\" \/>\n<meta property=\"og:site_name\" content=\"Musei d\u2019Arte del Mendrisiotto\" \/>\n<meta property=\"article:published_time\" content=\"2022-05-27T15:31:11+00:00\" \/>\n<meta property=\"article:modified_time\" content=\"2022-06-20T07:38:28+00:00\" \/>\n<meta property=\"og:image\" content=\"https:\/\/museimtest.p1.zrh01.swissbix.com\/wp-content\/uploads\/2022\/03\/Comensoli_Il-Salto-e1653743755695.jpeg\" \/>\n\t<meta property=\"og:image:width\" content=\"900\" \/>\n\t<meta property=\"og:image:height\" content=\"418\" \/>\n\t<meta property=\"og:image:type\" content=\"image\/jpeg\" \/>\n<meta name=\"author\" content=\"Veronica Trevisan\" \/>\n<meta name=\"twitter:card\" content=\"summary_large_image\" \/>\n<meta name=\"twitter:label1\" content=\"Scritto da\" \/>\n\t<meta name=\"twitter:data1\" content=\"Veronica Trevisan\" \/>\n\t<meta name=\"twitter:label2\" content=\"Tempo di lettura stimato\" \/>\n\t<meta name=\"twitter:data2\" content=\"1 minuto\" \/>\n<script type=\"application\/ld+json\" class=\"yoast-schema-graph\">{\"@context\":\"https:\\\/\\\/schema.org\",\"@graph\":[{\"@type\":\"Article\",\"@id\":\"https:\\\/\\\/museimtest.p1.zrh01.swissbix.com\\\/mario-comensoli-1922-1933-gli-uomini-in-blu\\\/#article\",\"isPartOf\":{\"@id\":\"https:\\\/\\\/museimtest.p1.zrh01.swissbix.com\\\/mario-comensoli-1922-1933-gli-uomini-in-blu\\\/\"},\"author\":{\"name\":\"Veronica Trevisan\",\"@id\":\"https:\\\/\\\/museimtest.p1.zrh01.swissbix.com\\\/#\\\/schema\\\/person\\\/4c54f7d5399f9e332138b43310ad9d8c\"},\"headline\":\"MARIO COMENSOLI (1922-1933). Gli &#8220;uomini in blu&#8221;.\",\"datePublished\":\"2022-05-27T15:31:11+00:00\",\"dateModified\":\"2022-06-20T07:38:28+00:00\",\"mainEntityOfPage\":{\"@id\":\"https:\\\/\\\/museimtest.p1.zrh01.swissbix.com\\\/mario-comensoli-1922-1933-gli-uomini-in-blu\\\/\"},\"wordCount\":178,\"commentCount\":0,\"publisher\":{\"@id\":\"https:\\\/\\\/museimtest.p1.zrh01.swissbix.com\\\/#organization\"},\"image\":{\"@id\":\"https:\\\/\\\/museimtest.p1.zrh01.swissbix.com\\\/mario-comensoli-1922-1933-gli-uomini-in-blu\\\/#primaryimage\"},\"thumbnailUrl\":\"https:\\\/\\\/museimtest.p1.zrh01.swissbix.com\\\/wp-content\\\/uploads\\\/2022\\\/03\\\/Comensoli_Il-Salto-e1653743755695.jpeg\",\"keywords\":[\"mostre\"],\"articleSection\":[\"m.a.x. museo\"],\"inLanguage\":\"it-IT\",\"potentialAction\":[{\"@type\":\"CommentAction\",\"name\":\"Comment\",\"target\":[\"https:\\\/\\\/museimtest.p1.zrh01.swissbix.com\\\/mario-comensoli-1922-1933-gli-uomini-in-blu\\\/#respond\"]}]},{\"@type\":\"event\",\"@id\":\"https:\\\/\\\/museimtest.p1.zrh01.swissbix.com\\\/mario-comensoli-1922-1933-gli-uomini-in-blu\\\/\",\"url\":\"https:\\\/\\\/museimtest.p1.zrh01.swissbix.com\\\/mario-comensoli-1922-1933-gli-uomini-in-blu\\\/\",\"name\":\"MARIO COMENSOLI (1922-1933). Gli \\\"uomini in blu\\\".\",\"isPartOf\":{\"@id\":\"https:\\\/\\\/museimtest.p1.zrh01.swissbix.com\\\/#website\"},\"primaryImageOfPage\":{\"@id\":\"https:\\\/\\\/museimtest.p1.zrh01.swissbix.com\\\/mario-comensoli-1922-1933-gli-uomini-in-blu\\\/#primaryimage\"},\"image\":[\"https:\\\/\\\/museimtest.p1.zrh01.swissbix.com\\\/wp-content\\\/uploads\\\/2022\\\/03\\\/Comensoli_Il-Salto-e1653743755695.jpeg\",\"https:\\\/\\\/museimtest.p1.zrh01.swissbix.com\\\/wp-content\\\/uploads\\\/2022\\\/03\\\/Comensoli_Il-Salto-e1653743755695-300x139.jpeg\",\"https:\\\/\\\/museimtest.p1.zrh01.swissbix.com\\\/wp-content\\\/uploads\\\/2022\\\/03\\\/Comensoli_Il-Salto-e1653743755695.jpeg\",\"https:\\\/\\\/museimtest.p1.zrh01.swissbix.com\\\/wp-content\\\/uploads\\\/2022\\\/03\\\/Comensoli_Il-Salto-e1653743755695.jpeg\"],\"thumbnailUrl\":\"https:\\\/\\\/museimtest.p1.zrh01.swissbix.com\\\/wp-content\\\/uploads\\\/2022\\\/03\\\/Comensoli_Il-Salto-e1653743755695.jpeg\",\"datePublished\":\"2022-05-27T15:31:11+02:00\",\"dateModified\":\"2022-06-20T07:38:28+02:00\",\"breadcrumb\":{\"@id\":\"https:\\\/\\\/museimtest.p1.zrh01.swissbix.com\\\/mario-comensoli-1922-1933-gli-uomini-in-blu\\\/#breadcrumb\"},\"inLanguage\":\"it-IT\",\"potentialAction\":[{\"@type\":\"ReadAction\",\"target\":[\"https:\\\/\\\/museimtest.p1.zrh01.swissbix.com\\\/mario-comensoli-1922-1933-gli-uomini-in-blu\\\/\"]}],\"@context\":\"https:\\\/\\\/schema.org\",\"startDate\":\"2022-05-29\",\"endDate\":\"2022-07-24\",\"eventStatus\":\"EventScheduled\",\"eventAttendanceMode\":\"OfflineEventAttendanceMode\",\"location\":{\"@type\":\"place\",\"name\":\"\",\"address\":\"\",\"geo\":{\"@type\":\"GeoCoordinates\",\"latitude\":\"\",\"longitude\":\"\"}},\"description\":\"Mostra a cura di Chiara Gatti e Nicoletta Ossanna Cavadini.\\r\\n\\r\\nLa mostra mira a presentare la produzione pittorica relativa al periodo degli \u201cuomini in blu\u201d di Mario Comensoli (Lugano, 1922 \u2013 Zurigo, 1993), collocandosi in tal modo tra gli approfondimenti tematici sugli artisti contemporanei legati al genius loci.\u00a0L\u2019esposizione s\u2019inserisce nelle celebrazioni del centenario della nascita del pittore luganese, e lo Spazio Officina celebra questo anniversario ospitando una selezione di una sessantina di opere a grande formato realizzate dall\u2019artista tra il 1953 e il 1961. Si tratta per lo pi\u00f9 di tele in cui la figura umana \u00e8 spesso l\u2019unico soggetto che emerge prepotentemente a livello plastico e con una connotazione cromaticamente omogenea. A prevalere \u00e8 il colore blu, tratto dalla tinta delle tute indossate dagli immigrati italiani che, proprio qui a Chiasso, trovavano una porta di accesso verso un nuovo futuro nel secondo Dopoguerra.\\r\\n\\r\\n\\r\\nL\u2019esposizione \u00e8 realizzata in collaborazione con la Fondazione Mario e H\u00e9l\u00e8ne Comensoli e grazie a prestiti di istituzioni pubbliche e collezionisti privati.\\r\\n\\r\\nOrari Spazio Officina qui.\\r\\n\\r\\n \",\"offers\":{\"@type\":\"Offer\"}},{\"@type\":\"ImageObject\",\"inLanguage\":\"it-IT\",\"@id\":\"https:\\\/\\\/museimtest.p1.zrh01.swissbix.com\\\/mario-comensoli-1922-1933-gli-uomini-in-blu\\\/#primaryimage\",\"url\":\"https:\\\/\\\/museimtest.p1.zrh01.swissbix.com\\\/wp-content\\\/uploads\\\/2022\\\/03\\\/Comensoli_Il-Salto-e1653743755695.jpeg\",\"contentUrl\":\"https:\\\/\\\/museimtest.p1.zrh01.swissbix.com\\\/wp-content\\\/uploads\\\/2022\\\/03\\\/Comensoli_Il-Salto-e1653743755695.jpeg\",\"width\":900,\"height\":418},{\"@type\":\"BreadcrumbList\",\"@id\":\"https:\\\/\\\/museimtest.p1.zrh01.swissbix.com\\\/mario-comensoli-1922-1933-gli-uomini-in-blu\\\/#breadcrumb\",\"itemListElement\":[{\"@type\":\"ListItem\",\"position\":1,\"name\":\"Home\",\"item\":\"https:\\\/\\\/museimtest.p1.zrh01.swissbix.com\\\/\"},{\"@type\":\"ListItem\",\"position\":2,\"name\":\"MARIO COMENSOLI (1922-1933). Gli &#8220;uomini in blu&#8221;.\"}]},{\"@type\":\"WebSite\",\"@id\":\"https:\\\/\\\/museimtest.p1.zrh01.swissbix.com\\\/#website\",\"url\":\"https:\\\/\\\/museimtest.p1.zrh01.swissbix.com\\\/\",\"name\":\"Musei d\u2019Arte del Mendrisiotto\",\"description\":\"La rete dei Musei d\u2019Arte del Mendrisiotto (MAM) si propone di rafforzare la visibilit\u00e0, promuovere la conoscenza dei musei del Mendrisiotto\",\"publisher\":{\"@id\":\"https:\\\/\\\/museimtest.p1.zrh01.swissbix.com\\\/#organization\"},\"potentialAction\":[{\"@type\":\"SearchAction\",\"target\":{\"@type\":\"EntryPoint\",\"urlTemplate\":\"https:\\\/\\\/museimtest.p1.zrh01.swissbix.com\\\/?s={search_term_string}\"},\"query-input\":{\"@type\":\"PropertyValueSpecification\",\"valueRequired\":true,\"valueName\":\"search_term_string\"}}],\"inLanguage\":\"it-IT\"},{\"@type\":\"Organization\",\"@id\":\"https:\\\/\\\/museimtest.p1.zrh01.swissbix.com\\\/#organization\",\"name\":\"Musei d\u2019Arte del Mendrisiotto\",\"url\":\"https:\\\/\\\/museimtest.p1.zrh01.swissbix.com\\\/\",\"logo\":{\"@type\":\"ImageObject\",\"inLanguage\":\"it-IT\",\"@id\":\"https:\\\/\\\/museimtest.p1.zrh01.swissbix.com\\\/#\\\/schema\\\/logo\\\/image\\\/\",\"url\":\"https:\\\/\\\/museimtest.p1.zrh01.swissbix.com\\\/wp-content\\\/uploads\\\/2020\\\/06\\\/logo_mam.png\",\"contentUrl\":\"https:\\\/\\\/museimtest.p1.zrh01.swissbix.com\\\/wp-content\\\/uploads\\\/2020\\\/06\\\/logo_mam.png\",\"width\":350,\"height\":250,\"caption\":\"Musei d\u2019Arte del Mendrisiotto\"},\"image\":{\"@id\":\"https:\\\/\\\/museimtest.p1.zrh01.swissbix.com\\\/#\\\/schema\\\/logo\\\/image\\\/\"}},{\"@type\":\"Person\",\"@id\":\"https:\\\/\\\/museimtest.p1.zrh01.swissbix.com\\\/#\\\/schema\\\/person\\\/4c54f7d5399f9e332138b43310ad9d8c\",\"name\":\"Veronica Trevisan\",\"image\":{\"@type\":\"ImageObject\",\"inLanguage\":\"it-IT\",\"@id\":\"https:\\\/\\\/secure.gravatar.com\\\/avatar\\\/1b2400844d2361aa32f486f7dec03507ae693badec3e35e3b4a99ab723290c38?s=96&d=mm&r=g\",\"url\":\"https:\\\/\\\/secure.gravatar.com\\\/avatar\\\/1b2400844d2361aa32f486f7dec03507ae693badec3e35e3b4a99ab723290c38?s=96&d=mm&r=g\",\"contentUrl\":\"https:\\\/\\\/secure.gravatar.com\\\/avatar\\\/1b2400844d2361aa32f486f7dec03507ae693badec3e35e3b4a99ab723290c38?s=96&d=mm&r=g\",\"caption\":\"Veronica Trevisan\"}}]}<\/script>\n<!-- \/ Yoast SEO plugin. -->","yoast_head_json":{"title":"- Musei d\u2019Arte del Mendrisiotto","robots":{"index":"index","follow":"follow","max-snippet":"max-snippet:-1","max-image-preview":"max-image-preview:large","max-video-preview":"max-video-preview:-1"},"canonical":"https:\/\/museimtest.p1.zrh01.swissbix.com\/mario-comensoli-1922-1933-gli-uomini-in-blu\/","og_locale":"it_IT","og_type":"article","og_title":"- Musei d\u2019Arte del Mendrisiotto","og_description":"Mostra a cura di Chiara Gatti e Nicoletta Ossanna Cavadini. La mostra mira a presentare la produzione pittorica relativa al periodo degli \u201cuomini in blu\u201d di Mario Comensoli (Lugano, 1922 \u2013 Zurigo, 1993), collocandosi in tal modo tra gli approfondimenti tematici sugli artisti contemporanei legati al genius loci.\u00a0L\u2019esposizione s\u2019inserisce nelle celebrazioni del centenario della nascita ... Leggi tutto MARIO COMENSOLI (1922-1933). Gli &#8220;uomini in blu&#8221;.","og_url":"https:\/\/museimtest.p1.zrh01.swissbix.com\/mario-comensoli-1922-1933-gli-uomini-in-blu\/","og_site_name":"Musei d\u2019Arte del Mendrisiotto","article_published_time":"2022-05-27T15:31:11+00:00","article_modified_time":"2022-06-20T07:38:28+00:00","og_image":[{"width":900,"height":418,"url":"https:\/\/museimtest.p1.zrh01.swissbix.com\/wp-content\/uploads\/2022\/03\/Comensoli_Il-Salto-e1653743755695.jpeg","type":"image\/jpeg"}],"author":"Veronica Trevisan","twitter_card":"summary_large_image","twitter_misc":{"Scritto da":"Veronica Trevisan","Tempo di lettura stimato":"1 minuto"},"schema":{"@context":"https:\/\/schema.org","@graph":[{"@type":"Article","@id":"https:\/\/museimtest.p1.zrh01.swissbix.com\/mario-comensoli-1922-1933-gli-uomini-in-blu\/#article","isPartOf":{"@id":"https:\/\/museimtest.p1.zrh01.swissbix.com\/mario-comensoli-1922-1933-gli-uomini-in-blu\/"},"author":{"name":"Veronica Trevisan","@id":"https:\/\/museimtest.p1.zrh01.swissbix.com\/#\/schema\/person\/4c54f7d5399f9e332138b43310ad9d8c"},"headline":"MARIO COMENSOLI (1922-1933). Gli &#8220;uomini in blu&#8221;.","datePublished":"2022-05-27T15:31:11+00:00","dateModified":"2022-06-20T07:38:28+00:00","mainEntityOfPage":{"@id":"https:\/\/museimtest.p1.zrh01.swissbix.com\/mario-comensoli-1922-1933-gli-uomini-in-blu\/"},"wordCount":178,"commentCount":0,"publisher":{"@id":"https:\/\/museimtest.p1.zrh01.swissbix.com\/#organization"},"image":{"@id":"https:\/\/museimtest.p1.zrh01.swissbix.com\/mario-comensoli-1922-1933-gli-uomini-in-blu\/#primaryimage"},"thumbnailUrl":"https:\/\/museimtest.p1.zrh01.swissbix.com\/wp-content\/uploads\/2022\/03\/Comensoli_Il-Salto-e1653743755695.jpeg","keywords":["mostre"],"articleSection":["m.a.x. museo"],"inLanguage":"it-IT","potentialAction":[{"@type":"CommentAction","name":"Comment","target":["https:\/\/museimtest.p1.zrh01.swissbix.com\/mario-comensoli-1922-1933-gli-uomini-in-blu\/#respond"]}]},{"@type":"event","@id":"https:\/\/museimtest.p1.zrh01.swissbix.com\/mario-comensoli-1922-1933-gli-uomini-in-blu\/","url":"https:\/\/museimtest.p1.zrh01.swissbix.com\/mario-comensoli-1922-1933-gli-uomini-in-blu\/","name":"MARIO COMENSOLI (1922-1933). Gli \"uomini in blu\".","isPartOf":{"@id":"https:\/\/museimtest.p1.zrh01.swissbix.com\/#website"},"primaryImageOfPage":{"@id":"https:\/\/museimtest.p1.zrh01.swissbix.com\/mario-comensoli-1922-1933-gli-uomini-in-blu\/#primaryimage"},"image":["https:\/\/museimtest.p1.zrh01.swissbix.com\/wp-content\/uploads\/2022\/03\/Comensoli_Il-Salto-e1653743755695.jpeg","https:\/\/museimtest.p1.zrh01.swissbix.com\/wp-content\/uploads\/2022\/03\/Comensoli_Il-Salto-e1653743755695-300x139.jpeg","https:\/\/museimtest.p1.zrh01.swissbix.com\/wp-content\/uploads\/2022\/03\/Comensoli_Il-Salto-e1653743755695.jpeg","https:\/\/museimtest.p1.zrh01.swissbix.com\/wp-content\/uploads\/2022\/03\/Comensoli_Il-Salto-e1653743755695.jpeg"],"thumbnailUrl":"https:\/\/museimtest.p1.zrh01.swissbix.com\/wp-content\/uploads\/2022\/03\/Comensoli_Il-Salto-e1653743755695.jpeg","datePublished":"2022-05-27T15:31:11+02:00","dateModified":"2022-06-20T07:38:28+02:00","breadcrumb":{"@id":"https:\/\/museimtest.p1.zrh01.swissbix.com\/mario-comensoli-1922-1933-gli-uomini-in-blu\/#breadcrumb"},"inLanguage":"it-IT","potentialAction":[{"@type":"ReadAction","target":["https:\/\/museimtest.p1.zrh01.swissbix.com\/mario-comensoli-1922-1933-gli-uomini-in-blu\/"]}],"@context":"https:\/\/schema.org","startDate":"2022-05-29","endDate":"2022-07-24","eventStatus":"EventScheduled","eventAttendanceMode":"OfflineEventAttendanceMode","location":{"@type":"place","name":"","address":"","geo":{"@type":"GeoCoordinates","latitude":"","longitude":""}},"description":"Mostra a cura di Chiara Gatti e Nicoletta Ossanna Cavadini.\r\n\r\nLa mostra mira a presentare la produzione pittorica relativa al periodo degli \u201cuomini in blu\u201d di Mario Comensoli (Lugano, 1922 \u2013 Zurigo, 1993), collocandosi in tal modo tra gli approfondimenti tematici sugli artisti contemporanei legati al genius loci.\u00a0L\u2019esposizione s\u2019inserisce nelle celebrazioni del centenario della nascita del pittore luganese, e lo Spazio Officina celebra questo anniversario ospitando una selezione di una sessantina di opere a grande formato realizzate dall\u2019artista tra il 1953 e il 1961. Si tratta per lo pi\u00f9 di tele in cui la figura umana \u00e8 spesso l\u2019unico soggetto che emerge prepotentemente a livello plastico e con una connotazione cromaticamente omogenea. A prevalere \u00e8 il colore blu, tratto dalla tinta delle tute indossate dagli immigrati italiani che, proprio qui a Chiasso, trovavano una porta di accesso verso un nuovo futuro nel secondo Dopoguerra.\r\n\r\n\r\nL\u2019esposizione \u00e8 realizzata in collaborazione con la Fondazione Mario e H\u00e9l\u00e8ne Comensoli e grazie a prestiti di istituzioni pubbliche e collezionisti privati.\r\n\r\nOrari Spazio Officina qui.\r\n\r\n ","offers":{"@type":"Offer"}},{"@type":"ImageObject","inLanguage":"it-IT","@id":"https:\/\/museimtest.p1.zrh01.swissbix.com\/mario-comensoli-1922-1933-gli-uomini-in-blu\/#primaryimage","url":"https:\/\/museimtest.p1.zrh01.swissbix.com\/wp-content\/uploads\/2022\/03\/Comensoli_Il-Salto-e1653743755695.jpeg","contentUrl":"https:\/\/museimtest.p1.zrh01.swissbix.com\/wp-content\/uploads\/2022\/03\/Comensoli_Il-Salto-e1653743755695.jpeg","width":900,"height":418},{"@type":"BreadcrumbList","@id":"https:\/\/museimtest.p1.zrh01.swissbix.com\/mario-comensoli-1922-1933-gli-uomini-in-blu\/#breadcrumb","itemListElement":[{"@type":"ListItem","position":1,"name":"Home","item":"https:\/\/museimtest.p1.zrh01.swissbix.com\/"},{"@type":"ListItem","position":2,"name":"MARIO COMENSOLI (1922-1933). Gli &#8220;uomini in blu&#8221;."}]},{"@type":"WebSite","@id":"https:\/\/museimtest.p1.zrh01.swissbix.com\/#website","url":"https:\/\/museimtest.p1.zrh01.swissbix.com\/","name":"Musei d\u2019Arte del Mendrisiotto","description":"La rete dei Musei d\u2019Arte del Mendrisiotto (MAM) si propone di rafforzare la visibilit\u00e0, promuovere la conoscenza dei musei del Mendrisiotto","publisher":{"@id":"https:\/\/museimtest.p1.zrh01.swissbix.com\/#organization"},"potentialAction":[{"@type":"SearchAction","target":{"@type":"EntryPoint","urlTemplate":"https:\/\/museimtest.p1.zrh01.swissbix.com\/?s={search_term_string}"},"query-input":{"@type":"PropertyValueSpecification","valueRequired":true,"valueName":"search_term_string"}}],"inLanguage":"it-IT"},{"@type":"Organization","@id":"https:\/\/museimtest.p1.zrh01.swissbix.com\/#organization","name":"Musei d\u2019Arte del Mendrisiotto","url":"https:\/\/museimtest.p1.zrh01.swissbix.com\/","logo":{"@type":"ImageObject","inLanguage":"it-IT","@id":"https:\/\/museimtest.p1.zrh01.swissbix.com\/#\/schema\/logo\/image\/","url":"https:\/\/museimtest.p1.zrh01.swissbix.com\/wp-content\/uploads\/2020\/06\/logo_mam.png","contentUrl":"https:\/\/museimtest.p1.zrh01.swissbix.com\/wp-content\/uploads\/2020\/06\/logo_mam.png","width":350,"height":250,"caption":"Musei d\u2019Arte del Mendrisiotto"},"image":{"@id":"https:\/\/museimtest.p1.zrh01.swissbix.com\/#\/schema\/logo\/image\/"}},{"@type":"Person","@id":"https:\/\/museimtest.p1.zrh01.swissbix.com\/#\/schema\/person\/4c54f7d5399f9e332138b43310ad9d8c","name":"Veronica Trevisan","image":{"@type":"ImageObject","inLanguage":"it-IT","@id":"https:\/\/secure.gravatar.com\/avatar\/1b2400844d2361aa32f486f7dec03507ae693badec3e35e3b4a99ab723290c38?s=96&d=mm&r=g","url":"https:\/\/secure.gravatar.com\/avatar\/1b2400844d2361aa32f486f7dec03507ae693badec3e35e3b4a99ab723290c38?s=96&d=mm&r=g","contentUrl":"https:\/\/secure.gravatar.com\/avatar\/1b2400844d2361aa32f486f7dec03507ae693badec3e35e3b4a99ab723290c38?s=96&d=mm&r=g","caption":"Veronica Trevisan"}}]}},"_links":{"self":[{"href":"https:\/\/museimtest.p1.zrh01.swissbix.com\/index.php?rest_route=\/wp\/v2\/posts\/3282","targetHints":{"allow":["GET"]}}],"collection":[{"href":"https:\/\/museimtest.p1.zrh01.swissbix.com\/index.php?rest_route=\/wp\/v2\/posts"}],"about":[{"href":"https:\/\/museimtest.p1.zrh01.swissbix.com\/index.php?rest_route=\/wp\/v2\/types\/post"}],"author":[{"embeddable":true,"href":"https:\/\/museimtest.p1.zrh01.swissbix.com\/index.php?rest_route=\/wp\/v2\/users\/4"}],"replies":[{"embeddable":true,"href":"https:\/\/museimtest.p1.zrh01.swissbix.com\/index.php?rest_route=%2Fwp%2Fv2%2Fcomments&post=3282"}],"version-history":[{"count":11,"href":"https:\/\/museimtest.p1.zrh01.swissbix.com\/index.php?rest_route=\/wp\/v2\/posts\/3282\/revisions"}],"predecessor-version":[{"id":3433,"href":"https:\/\/museimtest.p1.zrh01.swissbix.com\/index.php?rest_route=\/wp\/v2\/posts\/3282\/revisions\/3433"}],"wp:featuredmedia":[{"embeddable":true,"href":"https:\/\/museimtest.p1.zrh01.swissbix.com\/index.php?rest_route=\/wp\/v2\/media\/3279"}],"wp:attachment":[{"href":"https:\/\/museimtest.p1.zrh01.swissbix.com\/index.php?rest_route=%2Fwp%2Fv2%2Fmedia&parent=3282"}],"wp:term":[{"taxonomy":"category","embeddable":true,"href":"https:\/\/museimtest.p1.zrh01.swissbix.com\/index.php?rest_route=%2Fwp%2Fv2%2Fcategories&post=3282"},{"taxonomy":"post_tag","embeddable":true,"href":"https:\/\/museimtest.p1.zrh01.swissbix.com\/index.php?rest_route=%2Fwp%2Fv2%2Ftags&post=3282"}],"curies":[{"name":"wp","href":"https:\/\/api.w.org\/{rel}","templated":true}]}}